{"id":884,"date":"2013-06-19T14:01:53","date_gmt":"2013-06-19T13:01:53","guid":{"rendered":"http:\/\/www.madricecastronovo.arcidiocesi.palermo.it\/wordpress\/?p=884"},"modified":"2013-09-11T08:39:21","modified_gmt":"2013-09-11T07:39:21","slug":"omelia-del-parroco-per-eletti-e-non-al-consiglio-comunale","status":"publish","type":"post","link":"http:\/\/www.madricecastronovo.arcidiocesi.palermo.it\/wordpress\/?p=884","title":{"rendered":"Omelia del parroco per eletti e non al consiglio comunale"},"content":{"rendered":"<p>Carissimi amici,<\/p>\n<p>Con affetto paterno e fraterno insieme vi accolgo nella nostra Chiesa Parrocchiale dopo l\u2019importante appuntamento elettorale del quale siete stati i protagonisti assoluti. Sappiamo bene che oltre al successo personale o della propria lista (soprattutto il successo delle donne ) c\u2019\u00e8 in gioco il futuro del nostro paese per i prossimi cinque anni. l mio invito pertanto vuole essere solamente un semplice ed umile consiglio perch\u00e9 il vostro servizio \u2013 tanto per chi ha vinto , quanto per chi va all\u2019opposizione \u2013 sia fruttuoso e tenda al bene comune<!--more--><\/p>\n<p>Il 9 ed il 10 giugno scorsi non vengano da voi considerati come un punto di arrivo ma come un punto di partenza. Cercate di essere sempre presenti nel paese non solo fisicamente ma con l\u2019impegno , l\u2019interesse , la complicit\u00e0 , la voglia di fare , la capacit\u00e0 di raccordo e sinergia con tutte le istituzioni e\/o agenzie educative. Sia forte la vostra capacit\u00e0 di ascolto e di incontro diretto con le esigenze e le istanze di ciascuno dei cittadini.<\/p>\n<p>Il vostro impegno politico deve essere supportato e sostanziato di nuovi contenuti e nuove energie . Rendete onore ai cittadini che vi hanno votato e non chiudete il cuore a chi ha fatto altre scelte . In democrazia , per fortuna , vige e predomina la libert\u00e0 di tutti e di ciascuno.<\/p>\n<p>Non fate attivit\u00e0 di lobbyng per tutelare questo o quell\u2019interesse particolare , piuttosto mostrate di possedere sempre onest\u00e0 , moralit\u00e0, senso della condivisione e della comunit\u00e0 , libert\u00e0 , apertura agli altri, positivit\u00e0 , rispetto delle persone , amore per la famiglia, attenzione ai giovani senza mai trascurare la fasce deboli della popolazione: i bambini e gli anziani.<\/p>\n<p>Non alimentate e non permettete comportamenti lassisti, disimpegnati o furbeschi. Vivete questa esperienza politica come una parentesi, senza assolutizzarla , prestando la massima attenzione perch\u00e9 ci\u00f2 non metta a repentaglio i vostri affetti , la vostra famiglia, le vostre idee, le vostre passioni, la vostra vita.<\/p>\n<p>Come fare? Certamente \u2013 come cristiani \u2013 vi aiuter\u00e0 la preghiera. Pregate per voi stessi, per i vostri cari e soprattutto per il popolo che rappresentate. Chiedete al Signore il dono dell\u2019intelligenza , la forza di volont\u00e0 contro le tentazioni, la costanza e la speranza contro gli ostacoli apparentemente insormontabili che vi si porranno davanti.<\/p>\n<p>Sono questi i piccoli consigli di un vostro amico , il vostro Parroco . Piccoli consigli di fronte alla grandezza dell\u2019impegno da voi assunto . Ma li accompagno con una proposta precisa: Lavorate sempre insieme con gli altri , mai contro gli altri . Personalmente \u2013 nei limiti del giusto e del consentito \u2013 io sar\u00f2 disponibile ad offrirvi \u2013 se lo riterrete opportuno \u2013 momenti di incontro e di confronto per lavorare bene insieme. Siano questi cinque anni che vi si aprono davanti una tappa di maturazione umana .<\/p>\n<p>Che il Signore , la Vergine Santissima ed il nostro Santo concittadino e Patrono \u00a0San Vitale ci assistano , ci guidino , ci incoraggino e ci assicurino sempre giorni prosperi e sereni. Con il pi\u00f9 grande affetto ed i pi\u00f9 sinceri auguri .<\/p>\n<p style=\"text-align: right;\"><strong>Padre Onorio<\/strong><\/p>\n<p><em>Preghiamo ora per coloro che sono chiamati a governare la nostra comunit\u00e0 civile , perch\u00e9 il Signore Dio nostro illumini la loro mente ed il loro cuore a cercare il bene comune nella vera libert\u00e0 e nella vera pace : _<\/em><\/p>\n<p><em>Dio Onnipotente ed eterno , nelle cui mani sono le speranze degli uomini e i diritti di ogni popolo , assisti con la tua sapienza coloro che ci governano , perch\u00e9 , con il tuo aiuto promuovano una pace duratura , il progresso sociale e la libert\u00e0 religiosa .<\/em><\/p>\n<p><em>Per Cristo nostro Signore. Amen!<\/em><\/p>\n","protected":false},"excerpt":{"rendered":"<p>Carissimi amici, Con affetto paterno e fraterno insieme vi accolgo nella nostra Chiesa Parrocchiale dopo l\u2019importante appuntamento elettorale del quale siete stati i protagonisti assoluti. Sappiamo bene che oltre al successo personale o della propria lista (soprattutto il successo delle donne ) c\u2019\u00e8 in gioco il futuro del nostro paese per i prossimi cinque anni. [&hellip;]<\/p>\n","protected":false},"author":1,"featured_media":0,"comment_status":"closed","ping_status":"closed","sticky":false,"template":"","format":"standard","meta":[],"categories":[15],"tags":[],"_links":{"self":[{"href":"http:\/\/www.madricecastronovo.arcidiocesi.palermo.it\/wordpress\/index.php?rest_route=\/wp\/v2\/posts\/884"}],"collection":[{"href":"http:\/\/www.madricecastronovo.arcidiocesi.palermo.it\/wordpress\/index.php?rest_route=\/wp\/v2\/posts"}],"about":[{"href":"http:\/\/www.madricecastronovo.arcidiocesi.palermo.it\/wordpress\/index.php?rest_route=\/wp\/v2\/types\/post"}],"author":[{"embeddable":true,"href":"http:\/\/www.madricecastronovo.arcidiocesi.palermo.it\/wordpress\/index.php?rest_route=\/wp\/v2\/users\/1"}],"replies":[{"embeddable":true,"href":"http:\/\/www.madricecastronovo.arcidiocesi.palermo.it\/wordpress\/index.php?rest_route=%2Fwp%2Fv2%2Fcomments&post=884"}],"version-history":[{"count":3,"href":"http:\/\/www.madricecastronovo.arcidiocesi.palermo.it\/wordpress\/index.php?rest_route=\/wp\/v2\/posts\/884\/revisions"}],"predecessor-version":[{"id":886,"href":"http:\/\/www.madricecastronovo.arcidiocesi.palermo.it\/wordpress\/index.php?rest_route=\/wp\/v2\/posts\/884\/revisions\/886"}],"wp:attachment":[{"href":"http:\/\/www.madricecastronovo.arcidiocesi.palermo.it\/wordpress\/index.php?rest_route=%2Fwp%2Fv2%2Fmedia&parent=884"}],"wp:term":[{"taxonomy":"category","embeddable":true,"href":"http:\/\/www.madricecastronovo.arcidiocesi.palermo.it\/wordpress\/index.php?rest_route=%2Fwp%2Fv2%2Fcategories&post=884"},{"taxonomy":"post_tag","embeddable":true,"href":"http:\/\/www.madricecastronovo.arcidiocesi.palermo.it\/wordpress\/index.php?rest_route=%2Fwp%2Fv2%2Ftags&post=884"}],"curies":[{"name":"wp","href":"https:\/\/api.w.org\/{rel}","templated":true}]}}