{"id":591,"date":"2012-11-04T09:48:23","date_gmt":"2012-11-04T08:48:23","guid":{"rendered":"http:\/\/www.madricecastronovo.arcidiocesi.palermo.it\/wordpress\/?p=591"},"modified":"2012-11-05T19:19:48","modified_gmt":"2012-11-05T18:19:48","slug":"nasce-la-pastorale-familiare","status":"publish","type":"post","link":"http:\/\/www.madricecastronovo.arcidiocesi.palermo.it\/wordpress\/?p=591","title":{"rendered":"Nasce la Pastorale familiare"},"content":{"rendered":"<p><a href=\"http:\/\/www.madricecastronovo.arcidiocesi.palermo.it\/wordpress\/?attachment_id=592\" rel=\"attachment wp-att-592\"><img loading=\"lazy\" class=\"aligncenter size-full wp-image-592\" title=\"pastorale familiare\" src=\"http:\/\/www.madricecastronovo.arcidiocesi.palermo.it\/wordpress\/wp-content\/uploads\/pastorale-familiare.jpg\" alt=\"\" width=\"608\" height=\"454\" srcset=\"http:\/\/www.madricecastronovo.arcidiocesi.palermo.it\/wordpress\/wp-content\/uploads\/pastorale-familiare.jpg 608w, http:\/\/www.madricecastronovo.arcidiocesi.palermo.it\/wordpress\/wp-content\/uploads\/pastorale-familiare-300x224.jpg 300w\" sizes=\"(max-width: 608px) 100vw, 608px\" \/><\/a>In parrocchia nasce il servizio di Pastorale Familiare. Responsabili e guide sono i coniugi Lia e Michele Riggio e Rosa e Giovanni Mirabile. Il primo incontro \u00e8 previsto per marted\u00ec 6 novembre alle ore 18,30, in Chiesa Madre, mentre gli altri saranno di luned\u00ec nella chiesa di San Francesco, alle ore 19,00 con cadenza quindicinale. Il parroco don Onorio Scaglione ha dato il mandato alle due famiglie lo scorso 1 novembre in occasione della festivit\u00e0 di Tutti i Santi.<\/p>\n","protected":false},"excerpt":{"rendered":"<p>In parrocchia nasce il servizio di Pastorale Familiare. Responsabili e guide sono i coniugi Lia e Michele Riggio e Rosa e Giovanni Mirabile. Il primo incontro \u00e8 previsto per marted\u00ec 6 novembre alle ore 18,30, in Chiesa Madre, mentre gli altri saranno di luned\u00ec nella chiesa di San Francesco, alle ore 19,00 con cadenza quindicinale. [&hellip;]<\/p>\n","protected":false},"author":1,"featured_media":0,"comment_status":"closed","ping_status":"closed","sticky":false,"template":"","format":"standard","meta":[],"categories":[12],"tags":[],"_links":{"self":[{"href":"http:\/\/www.madricecastronovo.arcidiocesi.palermo.it\/wordpress\/index.php?rest_route=\/wp\/v2\/posts\/591"}],"collection":[{"href":"http:\/\/www.madricecastronovo.arcidiocesi.palermo.it\/wordpress\/index.php?rest_route=\/wp\/v2\/posts"}],"about":[{"href":"http:\/\/www.madricecastronovo.arcidiocesi.palermo.it\/wordpress\/index.php?rest_route=\/wp\/v2\/types\/post"}],"author":[{"embeddable":true,"href":"http:\/\/www.madricecastronovo.arcidiocesi.palermo.it\/wordpress\/index.php?rest_route=\/wp\/v2\/users\/1"}],"replies":[{"embeddable":true,"href":"http:\/\/www.madricecastronovo.arcidiocesi.palermo.it\/wordpress\/index.php?rest_route=%2Fwp%2Fv2%2Fcomments&post=591"}],"version-history":[{"count":2,"href":"http:\/\/www.madricecastronovo.arcidiocesi.palermo.it\/wordpress\/index.php?rest_route=\/wp\/v2\/posts\/591\/revisions"}],"predecessor-version":[{"id":594,"href":"http:\/\/www.madricecastronovo.arcidiocesi.palermo.it\/wordpress\/index.php?rest_route=\/wp\/v2\/posts\/591\/revisions\/594"}],"wp:attachment":[{"href":"http:\/\/www.madricecastronovo.arcidiocesi.palermo.it\/wordpress\/index.php?rest_route=%2Fwp%2Fv2%2Fmedia&parent=591"}],"wp:term":[{"taxonomy":"category","embeddable":true,"href":"http:\/\/www.madricecastronovo.arcidiocesi.palermo.it\/wordpress\/index.php?rest_route=%2Fwp%2Fv2%2Fcategories&post=591"},{"taxonomy":"post_tag","embeddable":true,"href":"http:\/\/www.madricecastronovo.arcidiocesi.palermo.it\/wordpress\/index.php?rest_route=%2Fwp%2Fv2%2Ftags&post=591"}],"curies":[{"name":"wp","href":"https:\/\/api.w.org\/{rel}","templated":true}]}}