{"id":497,"date":"2012-08-28T09:22:50","date_gmt":"2012-08-28T08:22:50","guid":{"rendered":"http:\/\/www.madricecastronovo.arcidiocesi.palermo.it\/wordpress\/?p=497"},"modified":"2012-08-28T09:34:29","modified_gmt":"2012-08-28T08:34:29","slug":"riapre-la-chiesa-della-madonna-delludienza","status":"publish","type":"post","link":"http:\/\/www.madricecastronovo.arcidiocesi.palermo.it\/wordpress\/?p=497","title":{"rendered":"Riapre la chiesa della Madonna dell&#8217;Udienza"},"content":{"rendered":"<div id=\"attachment_498\" style=\"width: 597px\" class=\"wp-caption aligncenter\"><a href=\"http:\/\/www.madricecastronovo.arcidiocesi.palermo.it\/wordpress\/?attachment_id=498\" rel=\"attachment wp-att-498\"><img aria-describedby=\"caption-attachment-498\" loading=\"lazy\" class=\"size-full wp-image-498 \" title=\"quadro udienza\" src=\"http:\/\/www.madricecastronovo.arcidiocesi.palermo.it\/wordpress\/wp-content\/uploads\/quadro-udienza.jpg\" alt=\"\" width=\"587\" height=\"391\" srcset=\"http:\/\/www.madricecastronovo.arcidiocesi.palermo.it\/wordpress\/wp-content\/uploads\/quadro-udienza.jpg 587w, http:\/\/www.madricecastronovo.arcidiocesi.palermo.it\/wordpress\/wp-content\/uploads\/quadro-udienza-300x199.jpg 300w\" sizes=\"(max-width: 587px) 100vw, 587px\" \/><\/a><p id=\"caption-attachment-498\" class=\"wp-caption-text\">Michele Lucania e don Onorio Scaglione con il quadro della Madonna dell&#8217;Udienza<\/p><\/div>\n<p style=\"text-align: justify;\">Sabato 1 settembre 2012 \u00e8 in programma la riapertura dell&#8217;antica madrice di Castronovo dedicata alla Madonna dell&#8217;Udienza. La chiesa risale all&#8217;anno 700 circa e ha subito nei secoli diversi cambiamenti, chiusure, demolizioni sino a diventare un rudere negli anni Cinquanta. Finalmente, con interventi finanziati dalla Comunit\u00e0 montana del Corleonese prima e poi dalla Regione siciliana con cantieri parrocchiali \u00e8 stata sistemata per poterla riaprire al culto.<\/p>\n<p>E&#8217; stata aperta provvisoriamente nel 1994 in occasione del millenario della morte di San Vitale, patrono di Castronovo, che ricevette il battesimo proprio in questa chiesa. In quell&#8217;occasione erano presenti le spoglie mortali del santo, provenienti da Armento (Pz). Adesso con altri piccoli lavori di manutenzione ordinaria si riapre e sar\u00e0 inaugurata. Alle 17 circa dalla chiesa madre della Santissima Trinit\u00e0 si avvier\u00e0 una processione che attraverser\u00e0 via Torre normanna, Salita ai Castelli e via Piedimonte-San Vitale per raggiungere la chiesa dell&#8217;Udienza. Sar\u00e0 portata in processione la tela raffigurante la Madonna dell&#8217;Udienza dipinta dal professore Alfredo Grassino e regalata alla chiesa da Michele Lucania. Il quadro \u00e8 stato benedetto a suo tempo dal cardinale Salvatore Pappalardo e in tutti questi anni \u00e8 stato esposto nell&#8217;attuale madrice, nell&#8217;altare del Sacramento. Intronizzato il quadro nel catino dell&#8217;abside della chiesa dell&#8217;Udienza sar\u00e0 subito celebrata la messa.<\/p>\n<p>La chiesa potr\u00e0 essere utilizzata in futuro per celebrazioni liturgiche e ritiri di gruppi.<\/p>\n","protected":false},"excerpt":{"rendered":"<p>Sabato 1 settembre 2012 \u00e8 in programma la riapertura dell&#8217;antica madrice di Castronovo dedicata alla Madonna dell&#8217;Udienza. La chiesa risale all&#8217;anno 700 circa e ha subito nei secoli diversi cambiamenti, chiusure, demolizioni sino a diventare un rudere negli anni Cinquanta. Finalmente, con interventi finanziati dalla Comunit\u00e0 montana del Corleonese prima e poi dalla Regione siciliana [&hellip;]<\/p>\n","protected":false},"author":1,"featured_media":0,"comment_status":"closed","ping_status":"closed","sticky":false,"template":"","format":"standard","meta":[],"categories":[10],"tags":[],"_links":{"self":[{"href":"http:\/\/www.madricecastronovo.arcidiocesi.palermo.it\/wordpress\/index.php?rest_route=\/wp\/v2\/posts\/497"}],"collection":[{"href":"http:\/\/www.madricecastronovo.arcidiocesi.palermo.it\/wordpress\/index.php?rest_route=\/wp\/v2\/posts"}],"about":[{"href":"http:\/\/www.madricecastronovo.arcidiocesi.palermo.it\/wordpress\/index.php?rest_route=\/wp\/v2\/types\/post"}],"author":[{"embeddable":true,"href":"http:\/\/www.madricecastronovo.arcidiocesi.palermo.it\/wordpress\/index.php?rest_route=\/wp\/v2\/users\/1"}],"replies":[{"embeddable":true,"href":"http:\/\/www.madricecastronovo.arcidiocesi.palermo.it\/wordpress\/index.php?rest_route=%2Fwp%2Fv2%2Fcomments&post=497"}],"version-history":[{"count":5,"href":"http:\/\/www.madricecastronovo.arcidiocesi.palermo.it\/wordpress\/index.php?rest_route=\/wp\/v2\/posts\/497\/revisions"}],"predecessor-version":[{"id":500,"href":"http:\/\/www.madricecastronovo.arcidiocesi.palermo.it\/wordpress\/index.php?rest_route=\/wp\/v2\/posts\/497\/revisions\/500"}],"wp:attachment":[{"href":"http:\/\/www.madricecastronovo.arcidiocesi.palermo.it\/wordpress\/index.php?rest_route=%2Fwp%2Fv2%2Fmedia&parent=497"}],"wp:term":[{"taxonomy":"category","embeddable":true,"href":"http:\/\/www.madricecastronovo.arcidiocesi.palermo.it\/wordpress\/index.php?rest_route=%2Fwp%2Fv2%2Fcategories&post=497"},{"taxonomy":"post_tag","embeddable":true,"href":"http:\/\/www.madricecastronovo.arcidiocesi.palermo.it\/wordpress\/index.php?rest_route=%2Fwp%2Fv2%2Ftags&post=497"}],"curies":[{"name":"wp","href":"https:\/\/api.w.org\/{rel}","templated":true}]}}