{"id":458,"date":"2012-07-08T06:45:42","date_gmt":"2012-07-08T05:45:42","guid":{"rendered":"http:\/\/www.madricecastronovo.arcidiocesi.palermo.it\/wordpress\/?p=458"},"modified":"2012-07-07T17:49:50","modified_gmt":"2012-07-07T16:49:50","slug":"don-onorio-scaglione-festeggia-47-anni-di-sacerdozio","status":"publish","type":"post","link":"http:\/\/www.madricecastronovo.arcidiocesi.palermo.it\/wordpress\/?p=458","title":{"rendered":"Don Onorio Scaglione festeggia 47 anni di sacerdozio"},"content":{"rendered":"<p><a href=\"http:\/\/www.madricecastronovo.arcidiocesi.palermo.it\/wordpress\/?attachment_id=101\" rel=\"attachment wp-att-101\"><img loading=\"lazy\" class=\"size-large wp-image-101 aligncenter\" title=\"don Onorio Scaglione\" src=\"http:\/\/www.madricecastronovo.arcidiocesi.palermo.it\/wordpress\/wp-content\/uploads\/don-Onorio-Scaglione-1024x678.jpg\" alt=\"\" width=\"630\" height=\"417\" srcset=\"http:\/\/www.madricecastronovo.arcidiocesi.palermo.it\/wordpress\/wp-content\/uploads\/don-Onorio-Scaglione-1024x678.jpg 1024w, http:\/\/www.madricecastronovo.arcidiocesi.palermo.it\/wordpress\/wp-content\/uploads\/don-Onorio-Scaglione-300x198.jpg 300w, http:\/\/www.madricecastronovo.arcidiocesi.palermo.it\/wordpress\/wp-content\/uploads\/don-Onorio-Scaglione-452x300.jpg 452w\" sizes=\"(max-width: 630px) 100vw, 630px\" \/><\/a><\/p>\n<p>Doppia celebrazione oggi e marted\u00ec per il parroco don Onorio Scaglione che celebra i 47 anni di sacerdozio. Padre Onorio, infatti, \u00e8 stato ordinato sacerdote, all\u2019et\u00e0 di 22 anni, il 10 Luglio 1965 nella Cattedrale di Palermo dal cardinale Ernesto Ruffini. Si tratta di 47 anni vissuti quasi tutti da parroco del paese, poich\u00e9 \u00e8 stato nominato arciprete di questa comunit\u00e0 dal cardinale Francesco Carpino l&#8217;1 Agosto 1969, prendendo possesso della parrocchia della Santissima Trinit\u00e0 il 4 Ottobre 1969.<\/p>\n<p>&nbsp;<\/p>\n","protected":false},"excerpt":{"rendered":"<p>Doppia celebrazione oggi e marted\u00ec per il parroco don Onorio Scaglione che celebra i 47 anni di sacerdozio. Padre Onorio, infatti, \u00e8 stato ordinato sacerdote, all\u2019et\u00e0 di 22 anni, il 10 Luglio 1965 nella Cattedrale di Palermo dal cardinale Ernesto Ruffini. Si tratta di 47 anni vissuti quasi tutti da parroco del paese, poich\u00e9 \u00e8 [&hellip;]<\/p>\n","protected":false},"author":1,"featured_media":0,"comment_status":"closed","ping_status":"closed","sticky":false,"template":"","format":"standard","meta":[],"categories":[10],"tags":[],"_links":{"self":[{"href":"http:\/\/www.madricecastronovo.arcidiocesi.palermo.it\/wordpress\/index.php?rest_route=\/wp\/v2\/posts\/458"}],"collection":[{"href":"http:\/\/www.madricecastronovo.arcidiocesi.palermo.it\/wordpress\/index.php?rest_route=\/wp\/v2\/posts"}],"about":[{"href":"http:\/\/www.madricecastronovo.arcidiocesi.palermo.it\/wordpress\/index.php?rest_route=\/wp\/v2\/types\/post"}],"author":[{"embeddable":true,"href":"http:\/\/www.madricecastronovo.arcidiocesi.palermo.it\/wordpress\/index.php?rest_route=\/wp\/v2\/users\/1"}],"replies":[{"embeddable":true,"href":"http:\/\/www.madricecastronovo.arcidiocesi.palermo.it\/wordpress\/index.php?rest_route=%2Fwp%2Fv2%2Fcomments&post=458"}],"version-history":[{"count":1,"href":"http:\/\/www.madricecastronovo.arcidiocesi.palermo.it\/wordpress\/index.php?rest_route=\/wp\/v2\/posts\/458\/revisions"}],"predecessor-version":[{"id":459,"href":"http:\/\/www.madricecastronovo.arcidiocesi.palermo.it\/wordpress\/index.php?rest_route=\/wp\/v2\/posts\/458\/revisions\/459"}],"wp:attachment":[{"href":"http:\/\/www.madricecastronovo.arcidiocesi.palermo.it\/wordpress\/index.php?rest_route=%2Fwp%2Fv2%2Fmedia&parent=458"}],"wp:term":[{"taxonomy":"category","embeddable":true,"href":"http:\/\/www.madricecastronovo.arcidiocesi.palermo.it\/wordpress\/index.php?rest_route=%2Fwp%2Fv2%2Fcategories&post=458"},{"taxonomy":"post_tag","embeddable":true,"href":"http:\/\/www.madricecastronovo.arcidiocesi.palermo.it\/wordpress\/index.php?rest_route=%2Fwp%2Fv2%2Ftags&post=458"}],"curies":[{"name":"wp","href":"https:\/\/api.w.org\/{rel}","templated":true}]}}