{"id":341,"date":"2012-04-10T14:40:52","date_gmt":"2012-04-10T13:40:52","guid":{"rendered":"http:\/\/www.madricecastronovo.arcidiocesi.palermo.it\/wordpress\/?p=341"},"modified":"2012-04-10T14:40:52","modified_gmt":"2012-04-10T13:40:52","slug":"le-reliquie-di-santa-chiara-dassisi-a-castronovo","status":"publish","type":"post","link":"http:\/\/www.madricecastronovo.arcidiocesi.palermo.it\/wordpress\/?p=341","title":{"rendered":"Le reliquie di Santa Chiara d&#8217;Assisi a Castronovo"},"content":{"rendered":"<p><a href=\"http:\/\/www.madricecastronovo.arcidiocesi.palermo.it\/wordpress\/?attachment_id=342\" rel=\"attachment wp-att-342\"><img loading=\"lazy\" class=\"size-medium wp-image-342 aligncenter\" title=\"Piero,_santa_chiara_d'assisi\" src=\"http:\/\/www.madricecastronovo.arcidiocesi.palermo.it\/wordpress\/wp-content\/uploads\/Piero_santa_chiara_dassisi-300x300.jpg\" alt=\"\" width=\"300\" height=\"300\" srcset=\"http:\/\/www.madricecastronovo.arcidiocesi.palermo.it\/wordpress\/wp-content\/uploads\/Piero_santa_chiara_dassisi-300x300.jpg 300w, http:\/\/www.madricecastronovo.arcidiocesi.palermo.it\/wordpress\/wp-content\/uploads\/Piero_santa_chiara_dassisi-150x150.jpg 150w, http:\/\/www.madricecastronovo.arcidiocesi.palermo.it\/wordpress\/wp-content\/uploads\/Piero_santa_chiara_dassisi.jpg 708w\" sizes=\"(max-width: 300px) 100vw, 300px\" \/><\/a><\/p>\n<p>Domenica 15 aprile, festa della Divina Misericordia, Castronovo accoglier\u00e0 le reliquie di Santa Chiara d&#8217;Assisi, fondatrice dell&#8217;ordine delle clarisse. Arriveranno alle 17,15 in chiesa madre e si inizier\u00e0 la recita del rosario. Alle 18 il parroco, don Onorio Scaglione, celebrer\u00e0 la messa e a seguire le reliquie verranno trasferite al convento dei cappuccini dove rimarranno fino a mercoled\u00ec 18. In ciascuno dei tre giorni ci saranno celebrazioni per i gruppi, gli ammalati e le scuole. Mercoled\u00ec 18 alle 16 le reliquie verranno salutate per la loro partenza.<\/p>\n<p>&nbsp;<\/p>\n","protected":false},"excerpt":{"rendered":"<p>Domenica 15 aprile, festa della Divina Misericordia, Castronovo accoglier\u00e0 le reliquie di Santa Chiara d&#8217;Assisi, fondatrice dell&#8217;ordine delle clarisse. Arriveranno alle 17,15 in chiesa madre e si inizier\u00e0 la recita del rosario. Alle 18 il parroco, don Onorio Scaglione, celebrer\u00e0 la messa e a seguire le reliquie verranno trasferite al convento dei cappuccini dove rimarranno [&hellip;]<\/p>\n","protected":false},"author":1,"featured_media":0,"comment_status":"closed","ping_status":"closed","sticky":false,"template":"","format":"standard","meta":[],"categories":[10],"tags":[],"_links":{"self":[{"href":"http:\/\/www.madricecastronovo.arcidiocesi.palermo.it\/wordpress\/index.php?rest_route=\/wp\/v2\/posts\/341"}],"collection":[{"href":"http:\/\/www.madricecastronovo.arcidiocesi.palermo.it\/wordpress\/index.php?rest_route=\/wp\/v2\/posts"}],"about":[{"href":"http:\/\/www.madricecastronovo.arcidiocesi.palermo.it\/wordpress\/index.php?rest_route=\/wp\/v2\/types\/post"}],"author":[{"embeddable":true,"href":"http:\/\/www.madricecastronovo.arcidiocesi.palermo.it\/wordpress\/index.php?rest_route=\/wp\/v2\/users\/1"}],"replies":[{"embeddable":true,"href":"http:\/\/www.madricecastronovo.arcidiocesi.palermo.it\/wordpress\/index.php?rest_route=%2Fwp%2Fv2%2Fcomments&post=341"}],"version-history":[{"count":2,"href":"http:\/\/www.madricecastronovo.arcidiocesi.palermo.it\/wordpress\/index.php?rest_route=\/wp\/v2\/posts\/341\/revisions"}],"predecessor-version":[{"id":344,"href":"http:\/\/www.madricecastronovo.arcidiocesi.palermo.it\/wordpress\/index.php?rest_route=\/wp\/v2\/posts\/341\/revisions\/344"}],"wp:attachment":[{"href":"http:\/\/www.madricecastronovo.arcidiocesi.palermo.it\/wordpress\/index.php?rest_route=%2Fwp%2Fv2%2Fmedia&parent=341"}],"wp:term":[{"taxonomy":"category","embeddable":true,"href":"http:\/\/www.madricecastronovo.arcidiocesi.palermo.it\/wordpress\/index.php?rest_route=%2Fwp%2Fv2%2Fcategories&post=341"},{"taxonomy":"post_tag","embeddable":true,"href":"http:\/\/www.madricecastronovo.arcidiocesi.palermo.it\/wordpress\/index.php?rest_route=%2Fwp%2Fv2%2Ftags&post=341"}],"curies":[{"name":"wp","href":"https:\/\/api.w.org\/{rel}","templated":true}]}}