{"id":3409,"date":"2020-10-12T21:18:17","date_gmt":"2020-10-12T20:18:17","guid":{"rendered":"http:\/\/www.madricecastronovo.arcidiocesi.palermo.it\/wordpress\/?p=3409"},"modified":"2020-10-12T21:18:17","modified_gmt":"2020-10-12T20:18:17","slug":"e-pluribus-unum-anche-se-molti-siamo-un-corpo-solo","status":"publish","type":"post","link":"http:\/\/www.madricecastronovo.arcidiocesi.palermo.it\/wordpress\/?p=3409","title":{"rendered":"\u201cE PLURIBUS UNUM\u201d ANCHE SE MOLTI, SIAMO UN CORPO SOLO"},"content":{"rendered":"\n<p>Come testimoni della <strong>Vera notizia<\/strong> e responsabili dei gruppi di preghiera parrocchiali vogliamo ripercorrere i mesi scorsi caratterizzati tanto da norme ed indicazioni quanto da ottemperanza e meticolosit\u00e0.<\/p>\n\n\n\n<p>Fino all\u2019emanazione del primo DPCM sull\u2019emergenza coronavirus, le attivit\u00e0 parrocchiali della Chiesa SS. Trinit\u00e0 hanno seguito un iter normale e regolare. Ultimo importante appuntamento \u00e8 stato il Mercoled\u00ec delle ceneri.<\/p>\n\n\n\n<p>Dopodich\u00e9, dalla settimana successiva, per osservanza del Decreto, si \u00e8 fermata ogni attivit\u00e0 liturgica, di preghiera, di formazione. Cos\u00ec dal 12 Marzo la nostra Chiesa, seguendo rigorosamente le indicazioni inviateci dall\u2019Arcidiocesi di Palermo, riguardanti l\u2019emergenza da Coronavirus, in via del tutto precauzionale e cautelare, \u00e8 rimasta chiusa al popolo. Pertanto, il Parroco Don Onorio Scaglione ha presieduto le celebrazioni riducendo al minimo la presenza dei fedeli, all\u2019infuori di alcuni collaboratori come l\u2019accolito, il lettore, gli operatori per la ripresa streaming, il sacrista e qualche ministro della comunione\/catechista (rispettando rigorosamente dei turni).<\/p>\n\n\n\n<p>Tutto questo ci ha fatto pi\u00f9 che mai desiderare i contatti umani che, per questi mesi di lockdown, abbiamo lasciato <em>offline.<\/em> Sono stati giorni in cui si \u00e8 sentita la mancanza di ecclesia, di contro, per\u00f2, tutte le iniziative portate avanti soprattutto durante la settimana santa ci hanno fatto vivere il senso di collaborazione e di unione nonostante la distanza.<\/p>\n\n\n\n<p>Indicazioni come: sospendere lo scambio della pace durante la celebrazione, distribuire l\u2019Eucarestia sulla mano del fedele, rimuovere l\u2019acqua lustrale dall\u2019acquasantiera, affissare sulla porta della Chiesa le indicazioni necessarie, introdurre all\u2019ingresso della Chiesa un igienizzante, entrare in Chiesa solo muniti di Mascherine\u2026 sono entrati ormai nella vita di tutti i giorni di ogni fedele.<\/p>\n\n\n\n<p>Dal 4 maggio, con il nuovo accordo tra CEI e Stato, avendo individuato la capienza massima di fedeli che la nostra Chiesa pu\u00f2 accogliere (80 posti a sedere + 30 in piedi), la Santa Messa \u00e8 stata celebrata con la presenza di pi\u00f9 persone (mantenendo sempre il limite sopracitato).<\/p>\n\n\n\n<p>Dunque, nonostante ci sia una maggiore apertura, prevale sempre il buon senso di ogni fedele. Non possiamo che fare nostra la preghiera di Padre Matteo La Grua \u201ccomanda i germi dell\u2019influenza di questo virus di dormire in pace e serenit\u00e0 e di vincere questo male\u201d, perch\u00e9 questa fede possa farci vivere il<em> live<\/em> delle celebrazioni nelle nostre vite e soprattutto nelle nostre \u201cchiese domestiche\u201d (famiglie).<\/p>\n\n\n\n<p>Pierangela Longo<\/p>\n\n\n\n<p>(coordinatrice Rinnovamento nello Spirito)<\/p>\n\n\n\n<p>Giovanni Mirabile<\/p>\n\n\n\n<p>(responsabile Gruppo Lettori parrocchiale)<\/p>\n\n\n\n<p>Rosamaria Scibetta<\/p>\n\n\n\n<p>(presidente Azione Cattolica)<\/p>\n","protected":false},"excerpt":{"rendered":"<p>Come testimoni della Vera notizia e responsabili dei gruppi di preghiera parrocchiali vogliamo ripercorrere i mesi scorsi caratterizzati tanto da norme ed indicazioni quanto da ottemperanza e meticolosit\u00e0. Fino all\u2019emanazione del primo DPCM sull\u2019emergenza coronavirus, le attivit\u00e0 parrocchiali della Chiesa SS. Trinit\u00e0 hanno seguito un iter normale e regolare. Ultimo importante appuntamento \u00e8 stato il [&hellip;]<\/p>\n","protected":false},"author":1,"featured_media":0,"comment_status":"closed","ping_status":"closed","sticky":false,"template":"","format":"standard","meta":[],"categories":[12],"tags":[],"_links":{"self":[{"href":"http:\/\/www.madricecastronovo.arcidiocesi.palermo.it\/wordpress\/index.php?rest_route=\/wp\/v2\/posts\/3409"}],"collection":[{"href":"http:\/\/www.madricecastronovo.arcidiocesi.palermo.it\/wordpress\/index.php?rest_route=\/wp\/v2\/posts"}],"about":[{"href":"http:\/\/www.madricecastronovo.arcidiocesi.palermo.it\/wordpress\/index.php?rest_route=\/wp\/v2\/types\/post"}],"author":[{"embeddable":true,"href":"http:\/\/www.madricecastronovo.arcidiocesi.palermo.it\/wordpress\/index.php?rest_route=\/wp\/v2\/users\/1"}],"replies":[{"embeddable":true,"href":"http:\/\/www.madricecastronovo.arcidiocesi.palermo.it\/wordpress\/index.php?rest_route=%2Fwp%2Fv2%2Fcomments&post=3409"}],"version-history":[{"count":1,"href":"http:\/\/www.madricecastronovo.arcidiocesi.palermo.it\/wordpress\/index.php?rest_route=\/wp\/v2\/posts\/3409\/revisions"}],"predecessor-version":[{"id":3410,"href":"http:\/\/www.madricecastronovo.arcidiocesi.palermo.it\/wordpress\/index.php?rest_route=\/wp\/v2\/posts\/3409\/revisions\/3410"}],"wp:attachment":[{"href":"http:\/\/www.madricecastronovo.arcidiocesi.palermo.it\/wordpress\/index.php?rest_route=%2Fwp%2Fv2%2Fmedia&parent=3409"}],"wp:term":[{"taxonomy":"category","embeddable":true,"href":"http:\/\/www.madricecastronovo.arcidiocesi.palermo.it\/wordpress\/index.php?rest_route=%2Fwp%2Fv2%2Fcategories&post=3409"},{"taxonomy":"post_tag","embeddable":true,"href":"http:\/\/www.madricecastronovo.arcidiocesi.palermo.it\/wordpress\/index.php?rest_route=%2Fwp%2Fv2%2Ftags&post=3409"}],"curies":[{"name":"wp","href":"https:\/\/api.w.org\/{rel}","templated":true}]}}