{"id":3172,"date":"2019-10-11T15:22:30","date_gmt":"2019-10-11T14:22:30","guid":{"rendered":"http:\/\/www.madricecastronovo.arcidiocesi.palermo.it\/wordpress\/?p=3172"},"modified":"2019-10-12T19:52:09","modified_gmt":"2019-10-12T18:52:09","slug":"con-voi-da-cinquanta-anni-lomelia-di-don-onorio-scaglione","status":"publish","type":"post","link":"http:\/\/www.madricecastronovo.arcidiocesi.palermo.it\/wordpress\/?p=3172","title":{"rendered":"&#8220;Con voi da cinquanta anni&#8221;, l&#8217;omelia di don Onorio Scaglione"},"content":{"rendered":"\n<figure class=\"wp-block-image\"><img loading=\"lazy\" width=\"1024\" height=\"685\" src=\"http:\/\/www.madricecastronovo.arcidiocesi.palermo.it\/wordpress\/wp-content\/uploads\/LArcivescovo-Corrado-Lorefice-altri-tre-Vescovi-Mons.-Di-Cristina-Mons.-Zambito-e-Mons.-Manzella-e-34-Sacerdoti-1024x685.jpg\" alt=\"\" class=\"wp-image-3180\" srcset=\"http:\/\/www.madricecastronovo.arcidiocesi.palermo.it\/wordpress\/wp-content\/uploads\/LArcivescovo-Corrado-Lorefice-altri-tre-Vescovi-Mons.-Di-Cristina-Mons.-Zambito-e-Mons.-Manzella-e-34-Sacerdoti-1024x685.jpg 1024w, http:\/\/www.madricecastronovo.arcidiocesi.palermo.it\/wordpress\/wp-content\/uploads\/LArcivescovo-Corrado-Lorefice-altri-tre-Vescovi-Mons.-Di-Cristina-Mons.-Zambito-e-Mons.-Manzella-e-34-Sacerdoti-300x201.jpg 300w, http:\/\/www.madricecastronovo.arcidiocesi.palermo.it\/wordpress\/wp-content\/uploads\/LArcivescovo-Corrado-Lorefice-altri-tre-Vescovi-Mons.-Di-Cristina-Mons.-Zambito-e-Mons.-Manzella-e-34-Sacerdoti-768x514.jpg 768w\" sizes=\"(max-width: 1024px) 100vw, 1024px\" \/><figcaption>L&#8217;Arcivescovo Corrado Lorefice, altri tre Vescovi (Mons. Di Cristina, Mons. Zambito e Mons. Manzella) e 34 Sacerdoti<\/figcaption><\/figure>\n\n\n\n<p><strong>Castronovo\ndi Sicilia : 01 Agosto 1969 \u2013 09 ottobre 2019 <\/strong>\n<\/p>\n\n\n\n<p>\u201c\n<strong>Con\nvoi da cinquanta anni<em>\n\u201c<\/em><\/strong><\/p>\n\n\n\n<p><strong>Chiesa\nMadre di Castronovo\n\u2013 Solenne concelebrazione presieduta da S.E.R.\nMons Corrado Lorefice\n.<\/strong><\/p>\n\n\n\n<p><strong>Carissimo\nDon Corrado\n, <\/strong>\n<\/p>\n\n\n\n<p><strong>voglia gradire i sentimenti di sincera gratitudine per l\u2019attenzione e l\u2019affettuosit\u00e0 che mi ha riservato stasera accettando di presiedere questa celebrazione . A nome mio personale ed a nome di questa comunit\u00e0 Parrocchiale di Castronovo di Sicilia che da cinquanta anni ho la gioia , l\u2019onore ed il piacere di servire per amore , le porgo il pi\u00f9 cordiale e sincero abbraccio accompagnato dalla preghiera fiduciosa , dall\u2019obbedienza piacevolmente dovuta al Pastore della Diocesi e da un grande rispetto. Grazie Eccellenza !<\/strong><\/p>\n\n\n\n<p>\u201c<strong><em>Che cosa render\u00f2 al Signore per tutti i benefici che mi ha dato ? Alzer\u00f2 il calice della salvezza , invocher\u00f2 il nome del Signore e con tutte le mie forze gli grider\u00f2 : Grazie Ges\u00f9 \u201d.<\/em><\/strong><strong> <\/strong> <\/p>\n\n\n\n<p><strong>Ed \u00e8 quello che faccio su questo altare , in questa Chiesa, ininterrottamente da cinquanta  anni , dal lontano  4 ottobre 1969 . Allora \u2013 a ventisei anni appena compiuti -ero il Parroco pi\u00f9 giovane della Diocesi , ora \u2013 a settantasei anni gi\u00e0 festeggiati &#8211; sono tra i Parroci pi\u00f9 anziani e certamente il decano dei Parroci del nostro sesto vicariato .<\/strong><\/p>\n\n\n\n<div class=\"wp-block-file\"><a href=\"http:\/\/www.madricecastronovo.arcidiocesi.palermo.it\/wordpress\/wp-content\/uploads\/50-anni-da-Parroco-a-Castronovo-di-Sicilia.pdf\">SCARICA IL TESTO O CONTINUA A LEGGERE CLICCANDO SOTTO<\/a><a href=\"http:\/\/www.madricecastronovo.arcidiocesi.palermo.it\/wordpress\/wp-content\/uploads\/50-anni-da-Parroco-a-Castronovo-di-Sicilia.pdf\" class=\"wp-block-file__button\" download>Download<\/a><\/div>\n\n\n\n<!--more-->\n\n\n\n<p><strong>Carissimi\nCastronovesi\n: &#8211; <\/strong>\n<\/p>\n\n\n\n<p><strong>Se\ntutto \u00e8 grazia , questi cinquanta anni di cammino parrocchiale a\nCastronovo , sotto la mia modesta guida pastorale , non potranno\ncertamente cadere nel dimenticatoio  ed entreranno a far parte del\nlibro della vita di ciascuno di noi ;  sicuramente sono entrati nel\nmio zaino , in quel bagaglio di esperienze e di ricordi che hanno \narricchito la mia vita di uomo e di sacerdote . Posso affermare con\numilt\u00e0  e convinzione che abbiamo vissuto in questi cinquanta anni\nuna esperienza esaltante di Chiesa , una\nChiesa postconciliare\ndalle porte e dai cuori aperti , lieta e gioisa ; che ha voluto\nmettere al centro del suo impegno e della sua missione tutti quanti\nsenza differenze di et\u00e0 o di estrazione sociale , una Chiesa che ha\nsaputo attingere la sua forza dall\u2019Eucarestia\ne dalla centralit\u00e0 della\nParola\ndi Dio\ne quindi dal bisogno costante di formazione . E tutto questo grazie\nanche alla collaborazione fuduciosa e fedele di tanti parrocchiani .\nDa parte mia non mi sono mai tirato indietro ed ho sempre cercato di\ndare il meglio ed il massimo di tutto me stesso in ogni situazione ,\nnon badando mai alla mia salute ed ai pesanti ed imprevedibili\nproblemi strettamente personali che soprattutto in questi ultimi mesi\nnon sono mancati ed annunciando col mio stile  tipicamente allegro e\ngioioso non me stesso ma ci\u00f2 che \u00e8 all\u2019origine della mia\nvocazione e della vita cristiana : \u201c\nNon sono pi\u00f9 io che\nvivo\n, ma \u00e8 Cristo che vive in me\u201d\n. Certamente abbiamo fatto un buon gioco di squadra. Ecco perch\u00e9\nvoglio condividere con voi stasera  l\u2019immensa gratitudine per\nquello che siete stati e siete per me . Ho sempre messo voi al primo\nposto , spendendo , senza risparmiarmi , le mie migliori energie\numane e spirituali e cercando in tutti i modi di farvi amare Cristo ,\nl\u2019unico Signore . Con voi non mi sono mai sentito solo . Vi\nringrazio della vicinanza che mi avete sempre mostrato . Grazie del\nrispetto e della devozione , della comprensione e della\ncollaborazione . Ringrazio di vero cuore tutti coloro che si sono\nlasciati contagiare dal mio entusiamo e si sono messi in gioco ,\ndonando il loro tempo e mettendo a frutto i loro talenti oer la vita\ne la crescita della comunit\u00e0 . Continuate sempre cos\u00ec . Bravi .\nRicordatevi sempre che non si \u00e8 mai al servizio di questo o di quel\nprete ma dell\u2019unico Pastore che \u00e8 Ges\u00f9 e della costruzione e\ndella crescita del suo Regno . In Ges\u00f9 tutti siamo chiamati a\ncamminare nell\u2019unit\u00e0 del suo corpo che \u00e8 la Chiesa , servendola\ncon amore . Ed \u00e8 proprio questa comunione gioiosa e feconda che deve\ndiventare sempre pi\u00f9 il distintivo di una realt\u00e0 bella  e speciale\ncome la nostra .<\/strong><\/p>\n\n\n\n<p><strong>Quello\nche stiamo vivendo stasera \u00e8 un momento denso di forti sentimenti e\ncarico di emozioni . Guardando a questi cinquanta anni vissuti con\nvoi , sento il cuore colmo di gioia e di gratitudine al Signore per\nquello che ci ha permesso di realizzare insieme e sempre con amore .\nGrandissima \u00e8 la gioia che il Signore mi ha dato nel vedere due\nnostri giovani chiamati al Sacerdozio\n: i carissimi Don Giuseppe Collura gi\u00e0 presbitero della nostra\nChiesa palermitana ed il Diacono Fra Luigi Librera dei Padri\nCappuccini della Provincia religiosa di Palermo : questo \u00e8\ncertamente un dono di Dio , un grande dono che manifesta la presenza\nviva del Signore nella nostra comunit\u00e0 e l\u2019azione dello Spirito\nche parla ai cuori dei fedeli. Posso affermare con fierezza di essere\nstato Parroco , felicemente Parroco , sempre Parroco per cinquanra\nanni , sempre e solamente per tutti Padre Onorio .  <\/strong>\n<\/p>\n\n\n\n<p><strong>E\u2019\nquesta una esperienza che porter\u00f2 sempre impressa nella mia mente e\nnel mio cuore . E pregate sempre per me . Ricordiamoci &#8211; come\naffermava Santa Madre Teresa di Calcutta &#8211; che \u201c il\npassato appartiene alla misericordia di Dio , il futuro alla\nProvvidenza di Dio , il presente all\u2019amore\ndi\nDio \u201c\n. Ed allora: facciamo memoria di questa grande misericordia ,\nabbandoniamoci a questa grande provvidenza ed affidiamoci a questa\ngrande amore . Il Signore ci dia pace e ci colmi sempre di speramza e\ndi gioia . <\/strong>\n<\/p>\n\n\n\n<p><strong>Carissimo\nPadre\n, \u00e8 questa la piena dei sentimenti e delle emozioni che ho voluto\nesternare . Con la gioia pi\u00f9 sincera che rallegra i nostri cuori Le\nchiedo di benedirci , preghi per noi , ci aiuti con la sua parola a\nvivere il presente da veri discepoli di Cristo . Da parte mia un\ngrazie di cuore a Lei che ci dona la gioia di vivere questo momento\ndi vera comunione , con gli auguri pi\u00f9 affettuosi per il suo alto\nMinistero Episcopale ed un forte abbraccio .<\/strong><\/p>\n\n\n\n<p><strong>Carissimi\namici qui presenti\n( voi Eccellentissimi Vescovi Mons. Salvatore Di Cristina , Mons.\nIgnazio Zambito e Mons. Vincenzo Manzella che stasera mi onorate\ngrandemente con la vostra presenza affettuosa ; Mons. Vicario\nGenerale il carissimo Padre Pippo ; il Padre Provinciale dei Padri\nCappuccini Fra Salvatore ; voi carissimi e stimati confratelli\nSacerdoti , voi Religiosi e religiose , i tanti amici qui convenuti\nda varie localit\u00e0 d\u2019Italia e voi  castronovesi tutti ) il ricordo\ndi questi 50 anni \u00e8 vivo , l\u2019emozione \u00e8 fortissima , l\u2019affetto\nper tutti quelli che ho incontrato , conosciuto e stimato \u00e8 immutato\n, l\u2019abbraccio per tutti quanti voi \u00e8 il pi\u00f9 affettuso che si\npossa dare .<\/strong><\/p>\n\n\n\n<p><strong>Ci\nproteggano il Signore Ges\u00f9 , la Vergine Santissima , il Santo Curato\nd\u00ecArs Patrono dei Parroci , il nostro Patrono San Vitale , il Beato\nParroco Padre Pino Puglisi ed il nostro Angelo custode .<\/strong><\/p>\n\n\n\n<p><em><strong>A\ntutti e per tutto il mio pi\u00f9 forte e sincero  grazie !<\/strong><\/em><\/p>\n\n\n\n<p><strong><em>PADRE\nONORIO<\/em><\/strong><\/p>\n","protected":false},"excerpt":{"rendered":"<p>Castronovo di Sicilia : 01 Agosto 1969 \u2013 09 ottobre 2019 \u201c Con voi da cinquanta anni \u201c Chiesa Madre di Castronovo \u2013 Solenne concelebrazione presieduta da S.E.R. Mons Corrado Lorefice . Carissimo Don Corrado , voglia gradire i sentimenti di sincera gratitudine per l\u2019attenzione e l\u2019affettuosit\u00e0 che mi ha riservato stasera accettando di presiedere [&hellip;]<\/p>\n","protected":false},"author":1,"featured_media":0,"comment_status":"closed","ping_status":"closed","sticky":false,"template":"","format":"standard","meta":[],"categories":[15],"tags":[],"_links":{"self":[{"href":"http:\/\/www.madricecastronovo.arcidiocesi.palermo.it\/wordpress\/index.php?rest_route=\/wp\/v2\/posts\/3172"}],"collection":[{"href":"http:\/\/www.madricecastronovo.arcidiocesi.palermo.it\/wordpress\/index.php?rest_route=\/wp\/v2\/posts"}],"about":[{"href":"http:\/\/www.madricecastronovo.arcidiocesi.palermo.it\/wordpress\/index.php?rest_route=\/wp\/v2\/types\/post"}],"author":[{"embeddable":true,"href":"http:\/\/www.madricecastronovo.arcidiocesi.palermo.it\/wordpress\/index.php?rest_route=\/wp\/v2\/users\/1"}],"replies":[{"embeddable":true,"href":"http:\/\/www.madricecastronovo.arcidiocesi.palermo.it\/wordpress\/index.php?rest_route=%2Fwp%2Fv2%2Fcomments&post=3172"}],"version-history":[{"count":6,"href":"http:\/\/www.madricecastronovo.arcidiocesi.palermo.it\/wordpress\/index.php?rest_route=\/wp\/v2\/posts\/3172\/revisions"}],"predecessor-version":[{"id":3181,"href":"http:\/\/www.madricecastronovo.arcidiocesi.palermo.it\/wordpress\/index.php?rest_route=\/wp\/v2\/posts\/3172\/revisions\/3181"}],"wp:attachment":[{"href":"http:\/\/www.madricecastronovo.arcidiocesi.palermo.it\/wordpress\/index.php?rest_route=%2Fwp%2Fv2%2Fmedia&parent=3172"}],"wp:term":[{"taxonomy":"category","embeddable":true,"href":"http:\/\/www.madricecastronovo.arcidiocesi.palermo.it\/wordpress\/index.php?rest_route=%2Fwp%2Fv2%2Fcategories&post=3172"},{"taxonomy":"post_tag","embeddable":true,"href":"http:\/\/www.madricecastronovo.arcidiocesi.palermo.it\/wordpress\/index.php?rest_route=%2Fwp%2Fv2%2Ftags&post=3172"}],"curies":[{"name":"wp","href":"https:\/\/api.w.org\/{rel}","templated":true}]}}