{"id":3166,"date":"2019-09-25T17:04:33","date_gmt":"2019-09-25T16:04:33","guid":{"rendered":"http:\/\/www.madricecastronovo.arcidiocesi.palermo.it\/wordpress\/?p=3166"},"modified":"2019-11-02T18:32:14","modified_gmt":"2019-11-02T17:32:14","slug":"50-anni-di-parrocato-di-don-onorio-scaglione","status":"publish","type":"post","link":"http:\/\/www.madricecastronovo.arcidiocesi.palermo.it\/wordpress\/?p=3166","title":{"rendered":"50 anni di parrocato di Don Onorio Scaglione"},"content":{"rendered":"\n<p>La comunit\u00e0 di Castronovo festegger\u00e0 i 50 anni di parrocato di Don Onorio Scaglione. Il 9 ottobre alle 18 nella chiesa madre della Santissima Trinit\u00e0 l&#8217;arcivescovo di Palermo, Corrado Lorefice, presieder\u00e0 la celebrazione della Santa Messa Giubilare in occasione dell&#8217;anniversario.<\/p>\n\n\n\n<p>Tutta la cittadinanza \u00e8 invitata.<\/p>\n\n\n\n<figure class=\"wp-block-image\"><img loading=\"lazy\" width=\"704\" height=\"720\" src=\"http:\/\/www.madricecastronovo.arcidiocesi.palermo.it\/wordpress\/wp-content\/uploads\/Messa-del-Crisma-2018.jpg\" alt=\"\" class=\"wp-image-2861\" srcset=\"http:\/\/www.madricecastronovo.arcidiocesi.palermo.it\/wordpress\/wp-content\/uploads\/Messa-del-Crisma-2018.jpg 704w, http:\/\/www.madricecastronovo.arcidiocesi.palermo.it\/wordpress\/wp-content\/uploads\/Messa-del-Crisma-2018-293x300.jpg 293w, http:\/\/www.madricecastronovo.arcidiocesi.palermo.it\/wordpress\/wp-content\/uploads\/Messa-del-Crisma-2018-50x50.jpg 50w\" sizes=\"(max-width: 704px) 100vw, 704px\" \/><figcaption>L&#8217;arcivescovo mons. Lorefice col parroco don Onorio Scaglione<\/figcaption><\/figure>\n","protected":false},"excerpt":{"rendered":"<p>La comunit\u00e0 di Castronovo festegger\u00e0 i 50 anni di parrocato di Don Onorio Scaglione. Il 9 ottobre alle 18 nella chiesa madre della Santissima Trinit\u00e0 l&#8217;arcivescovo di Palermo, Corrado Lorefice, presieder\u00e0 la celebrazione della Santa Messa Giubilare in occasione dell&#8217;anniversario. Tutta la cittadinanza \u00e8 invitata.<\/p>\n","protected":false},"author":1,"featured_media":0,"comment_status":"closed","ping_status":"closed","sticky":false,"template":"","format":"standard","meta":[],"categories":[10],"tags":[],"_links":{"self":[{"href":"http:\/\/www.madricecastronovo.arcidiocesi.palermo.it\/wordpress\/index.php?rest_route=\/wp\/v2\/posts\/3166"}],"collection":[{"href":"http:\/\/www.madricecastronovo.arcidiocesi.palermo.it\/wordpress\/index.php?rest_route=\/wp\/v2\/posts"}],"about":[{"href":"http:\/\/www.madricecastronovo.arcidiocesi.palermo.it\/wordpress\/index.php?rest_route=\/wp\/v2\/types\/post"}],"author":[{"embeddable":true,"href":"http:\/\/www.madricecastronovo.arcidiocesi.palermo.it\/wordpress\/index.php?rest_route=\/wp\/v2\/users\/1"}],"replies":[{"embeddable":true,"href":"http:\/\/www.madricecastronovo.arcidiocesi.palermo.it\/wordpress\/index.php?rest_route=%2Fwp%2Fv2%2Fcomments&post=3166"}],"version-history":[{"count":1,"href":"http:\/\/www.madricecastronovo.arcidiocesi.palermo.it\/wordpress\/index.php?rest_route=\/wp\/v2\/posts\/3166\/revisions"}],"predecessor-version":[{"id":3167,"href":"http:\/\/www.madricecastronovo.arcidiocesi.palermo.it\/wordpress\/index.php?rest_route=\/wp\/v2\/posts\/3166\/revisions\/3167"}],"wp:attachment":[{"href":"http:\/\/www.madricecastronovo.arcidiocesi.palermo.it\/wordpress\/index.php?rest_route=%2Fwp%2Fv2%2Fmedia&parent=3166"}],"wp:term":[{"taxonomy":"category","embeddable":true,"href":"http:\/\/www.madricecastronovo.arcidiocesi.palermo.it\/wordpress\/index.php?rest_route=%2Fwp%2Fv2%2Fcategories&post=3166"},{"taxonomy":"post_tag","embeddable":true,"href":"http:\/\/www.madricecastronovo.arcidiocesi.palermo.it\/wordpress\/index.php?rest_route=%2Fwp%2Fv2%2Ftags&post=3166"}],"curies":[{"name":"wp","href":"https:\/\/api.w.org\/{rel}","templated":true}]}}