{"id":3152,"date":"2019-08-03T18:05:20","date_gmt":"2019-08-03T17:05:20","guid":{"rendered":"http:\/\/www.madricecastronovo.arcidiocesi.palermo.it\/wordpress\/?p=3152"},"modified":"2019-11-02T18:32:30","modified_gmt":"2019-11-02T17:32:30","slug":"padre-onorio-parroco-da-50-anni-a-castronovo","status":"publish","type":"post","link":"http:\/\/www.madricecastronovo.arcidiocesi.palermo.it\/wordpress\/?p=3152","title":{"rendered":"Padre Onorio parroco da 50 anni a Castronovo"},"content":{"rendered":"\n<figure class=\"wp-block-image\"><img loading=\"lazy\" width=\"814\" height=\"539\" src=\"http:\/\/www.madricecastronovo.arcidiocesi.palermo.it\/wordpress\/wp-content\/uploads\/don-Onorio-Scaglione1.jpg\" alt=\"\" class=\"wp-image-1244\" srcset=\"http:\/\/www.madricecastronovo.arcidiocesi.palermo.it\/wordpress\/wp-content\/uploads\/don-Onorio-Scaglione1.jpg 814w, http:\/\/www.madricecastronovo.arcidiocesi.palermo.it\/wordpress\/wp-content\/uploads\/don-Onorio-Scaglione1-300x198.jpg 300w\" sizes=\"(max-width: 814px) 100vw, 814px\" \/><\/figure>\n\n\n\n<p>Domani 4 agosto ricorder\u00f2 i miei  cinquanta anni impegnati a Castronovoi come Parroco di questa bellissima comunit\u00e0 . Alle ore 18,00 in Matrice celebrer\u00f2 la Santa Messa Giubilare ed avr\u00f2 la gioia di avere accanto a me i frutti migliori del mio Sacerdozio : &#8211; Don Giuseppe Collura nostro prete novello e Fra Luigi Librera da poco ordinato Diacono e prossimo Sacerdote anche lui .<br>\nLa celebrazione solenne  viene per\u00f2 rinviata al merecoled\u00ec 9 ottobre alle ore 18,00 per ricordare la mia presa di possesso canonico della Parrocchia . A presiedere l&#8217;incontro sar\u00e0 il nostro Arcivescovo Mons. Corrado Lorefice . Saranno presenti altri confratelli  , le autorit\u00e0 civili e militari ,ed i tanti amici conosciuti in questi 50 anni di servizio pastorale , E&#8217; chiaro che per il 9 di ottobre  tutto il paese \u00e8 invitato a partecipare . Terminata la celebrazione in Chiesa , ci sposteremo tutti sul  sagrato della Matrice per vivere un momento di felice ed intensa convivialit\u00e0 . Che Dio ci benedica e la Vergine Maria ci protegga . Un cordiale abbraccio per tutti , Il vostro Parroco Padre Onorio .<\/p>\n","protected":false},"excerpt":{"rendered":"<p>Domani 4 agosto ricorder\u00f2 i miei cinquanta anni impegnati a Castronovoi come Parroco di questa bellissima comunit\u00e0 . Alle ore 18,00 in Matrice celebrer\u00f2 la Santa Messa Giubilare ed avr\u00f2 la gioia di avere accanto a me i frutti migliori del mio Sacerdozio : &#8211; Don Giuseppe Collura nostro prete novello e Fra Luigi Librera [&hellip;]<\/p>\n","protected":false},"author":1,"featured_media":0,"comment_status":"closed","ping_status":"closed","sticky":false,"template":"","format":"standard","meta":[],"categories":[10],"tags":[],"_links":{"self":[{"href":"http:\/\/www.madricecastronovo.arcidiocesi.palermo.it\/wordpress\/index.php?rest_route=\/wp\/v2\/posts\/3152"}],"collection":[{"href":"http:\/\/www.madricecastronovo.arcidiocesi.palermo.it\/wordpress\/index.php?rest_route=\/wp\/v2\/posts"}],"about":[{"href":"http:\/\/www.madricecastronovo.arcidiocesi.palermo.it\/wordpress\/index.php?rest_route=\/wp\/v2\/types\/post"}],"author":[{"embeddable":true,"href":"http:\/\/www.madricecastronovo.arcidiocesi.palermo.it\/wordpress\/index.php?rest_route=\/wp\/v2\/users\/1"}],"replies":[{"embeddable":true,"href":"http:\/\/www.madricecastronovo.arcidiocesi.palermo.it\/wordpress\/index.php?rest_route=%2Fwp%2Fv2%2Fcomments&post=3152"}],"version-history":[{"count":2,"href":"http:\/\/www.madricecastronovo.arcidiocesi.palermo.it\/wordpress\/index.php?rest_route=\/wp\/v2\/posts\/3152\/revisions"}],"predecessor-version":[{"id":3154,"href":"http:\/\/www.madricecastronovo.arcidiocesi.palermo.it\/wordpress\/index.php?rest_route=\/wp\/v2\/posts\/3152\/revisions\/3154"}],"wp:attachment":[{"href":"http:\/\/www.madricecastronovo.arcidiocesi.palermo.it\/wordpress\/index.php?rest_route=%2Fwp%2Fv2%2Fmedia&parent=3152"}],"wp:term":[{"taxonomy":"category","embeddable":true,"href":"http:\/\/www.madricecastronovo.arcidiocesi.palermo.it\/wordpress\/index.php?rest_route=%2Fwp%2Fv2%2Fcategories&post=3152"},{"taxonomy":"post_tag","embeddable":true,"href":"http:\/\/www.madricecastronovo.arcidiocesi.palermo.it\/wordpress\/index.php?rest_route=%2Fwp%2Fv2%2Ftags&post=3152"}],"curies":[{"name":"wp","href":"https:\/\/api.w.org\/{rel}","templated":true}]}}