{"id":3065,"date":"2019-02-25T18:21:57","date_gmt":"2019-02-25T17:21:57","guid":{"rendered":"http:\/\/www.madricecastronovo.arcidiocesi.palermo.it\/wordpress\/?p=3065"},"modified":"2019-02-26T18:20:56","modified_gmt":"2019-02-26T17:20:56","slug":"don-giuseppe-salvato-collura-sacerdote-novello","status":"publish","type":"post","link":"http:\/\/www.madricecastronovo.arcidiocesi.palermo.it\/wordpress\/?p=3065","title":{"rendered":"Don Giuseppe Salvato Collura &#8211; Prete novello"},"content":{"rendered":"\n<p><br><\/p>\n\n\n\n<p><strong><em>Carissimi fedeli , <\/em><\/strong><\/p>\n\n\n\n<p><strong><em>carissimo Giuseppe confratello nel Sacerdozio .<\/em><\/strong><strong><em>&nbsp;&nbsp;&nbsp; <\/em><\/strong><strong><em>&nbsp;&nbsp;&nbsp; <\/em><\/strong><strong><em>&nbsp;&nbsp;&nbsp; <\/em><\/strong><strong><em>&nbsp;&nbsp;&nbsp; <\/em><\/strong><strong><em>&nbsp;&nbsp;&nbsp; <\/em><\/strong><strong><em> <\/em><\/strong><strong><em>&nbsp;&nbsp;&nbsp; <\/em><\/strong><strong><em>&nbsp;&nbsp;&nbsp; <\/em><\/strong><strong><em>&nbsp;&nbsp;&nbsp; <\/em><\/strong><strong><em>&nbsp;&nbsp;&nbsp; <\/em><\/strong><\/p>\n\n\n\n<p><strong><em>\u00e8 tradizione a<\/em><\/strong><strong><em> Castronovo di Sicilia , nella prima messa di un novello sacerdote , che sia il Parroco a tenere l\u2019omelia . A me , allora il graditissimo compito oggi di dire qualcosa in questa occasione cos\u00ec solenne ed allo stesso tempo cos\u00ec familiare ed alla quale non potevo sottrarmi perch\u00e9 sono fermamente convinto che una delle gioie pi\u00f9 grandi per un Parroco \u00e8 il vedere nascere , crescere e realizzarsi una vocazione al Sacerdozio o alla vita religiosa .<\/em><\/strong><\/p>\n\n\n\n<p><strong><em>Dal 1953 ad oggi ho avuto modo di partecipare con piacere agli ingressi di ben sei novelli Sacerdoti : Don Vincenzo Martorella ( Missionario OMI in Canad\u00e0) , Padre Celestino Ciminato , Don Vitale Traina (Fidei Donum-TO) , Don Enzo Azzarello dei Padri Giuseppini del Murialdo (TO) &nbsp;, Padre PierGiovanni Di Franza (ordinato Sacerdote in questa nostra Chiesa Parrocchiale) e Padre Pietro Montalbano.<\/em><\/strong><\/p>\n\n\n\n<p><strong><em>Non potr\u00f2 mai dimenticare il mio solenne ingresso in paese l\u2019undici luglio del 1965 : sacerdote ad appena 22 anni di et\u00e0.<\/em><\/strong><\/p>\n\n\n\n<p><strong><em>Oggi per\u00f2 siamo tutti uniti e rivolti al carissimo festeggiato il nostro <\/em><\/strong><strong><em>Don Giuseppe Salvato Collura<\/em><\/strong><strong><em>.<\/em><\/strong><\/p>\n\n\n\n<p><strong><em>\u201cRendete grazie al Signore perch\u00e9 \u00e8 buono , perch\u00e9 il suo<\/em><\/strong><strong><em> <\/em><\/strong><strong><em>amore \u00e8 per sempre \u201c<\/em><\/strong><strong><em> . Con le splendide parole del salmo 117 , voglio lodare conn voi il Signore , in questo giorno in cui siamo vicini a Don Giuseppe che celebra la sua prima messa in Parrocchia . Chiamato e scelto nella comunit\u00e0 parrocchiale di Castronovo \u00e8 da oggi sacerdote nella comunit\u00e0 universale della Chiesa . Ora \u00e8 lui a presiedere questa Eucaristia , questo solenne &nbsp;\u201crendimento di grazie\u201d .<\/em><\/strong><\/p>\n\n\n\n<p><strong><em>Lasciatemi allora provare a dare voce , con semplicit\u00e0 di cuore , &nbsp;alle tante voci che oggi  ringraziano il Signore.<\/em><\/strong><\/p>\n\n\n\n<p><strong><em>Rendete grazie al Signore voi genitori <\/em><\/strong><strong><em>Angelo e Sara<\/em><\/strong><strong><em> perch\u00e9 vostro figlio ora \u00e8 \u201cun altro Cristo\u201d , impregnato di Lui , ma sempre vostro figlio e sar\u00e0 sacerdote con i tratti umani che voi gli avete trasmesso. Ora cara <\/em><\/strong><strong><em>Maria Grazia<\/em><\/strong><strong><em> tuo fratello \u00e8 fratello universale di tutti e \u201cfiglio\u201d di questa comunit\u00e0, ma verr\u00e0 chiamato \u201cPadre\u201d anche da chi gli pu\u00f2 essere bisnonno come i vostri presenti bisnonni Luigi e Maria .<\/em><\/strong><\/p>\n\n\n\n<p><strong><em>Rendi grazie al Signore <\/em><\/strong><strong><em>comunit\u00e0 parrocchiale di Castronovo<\/em><\/strong><strong><em> perch\u00e9 il Signore ha volto il suo sguardo su un tuo bambino , chierichetto , animatore , catechista , ministro straordinario della Comunione . Ora lui \u00e8 qui : \u00e8 uscito dalla sua terra per fare entrare gli uomini nella terra di Dio . <\/em><\/strong><\/p>\n\n\n\n<p><strong><em>Rendete grazie al Signore <\/em><\/strong><strong><em>amici e coetanei di Giuseppe<\/em><\/strong><strong><em> perch\u00e9 un vostro amico \u00e8 prete : non ha sprecato la sua vita \u2013 come alcuni credono &#8211; non ha buttato via la sua giovinezza ma l\u2019ha data al Signore per il bene dell\u2019umanit\u00e0. Avete un amico scelto da Dio non perch\u00e9 \u00e8 il pi\u00f9 intelligente , il migliore , il pi\u00f9 simpatico ; non perch\u00e9 \u00e8 un sociologo , un filosofo o un teologo. No , tutto questo passa . Ma perch\u00e9 Dio lo ha voluto ministro , servo , uomo dell\u2019ultimo posto , perch\u00e9 il nostro Dio \u00e8 fantasioso , fantastico , fantasmagorico , capace di fare risplendere nelle povere mani degli uomini le sue cose pi\u00f9 belle . E cosa c\u2019\u00e8 di pi\u00f9 bello di trasmettere la fede , la vita , la gioia ? Cosa c\u2019\u00e8 di pi\u00f9 bello per una vita che donarla per amore ? \u201c<\/em><\/strong><strong><em>C\u2019\u00e8 pi\u00f9 gioia<\/em><\/strong><strong><em> <\/em><\/strong><strong><em>infatti nel dare che nel ricevere\u201d. <\/em><\/strong><strong><em>Contemplate allora ci\u00f2 che il Signore ha operato con noi e per noi e ringraziamolo con tutta la voce che abbiamo . Siamo una comunit\u00e0 viva , dove la Chiesa ancor prima di essere di mattoni e di cemento \u00e8 fatta di persone generose , pronte a vivere il Vangelo . Giuseppe qui ha respirato tutto questo ed ora lo trasmette a tutti noi . Sono molti a dire grazie oggi , ma molti di pi\u00f9 ringrazieranno Dio tramite te Giuseppe , da ora in poi , se con la tua vita indicherai Gers\u00f9 : in nessun altro c\u2019\u00e8 salvezza. Nel suo nome , non nel tuo , centinaia di persone sperimenteranno la salvezza se tu sarai un pastore secondo il suo cuore , aiutandoli a riconoscere non la tua voce, ma la voce di Dio . Renderanno grazie tutti coloro che servirai con umilt\u00e0 ,con fedelt\u00e0 , con freschezza , con mansuetudine e con pazienza , se conoscerai una per una le pecore a te affidate , gioiendo con chi gioisce e piangendo con chi piange senza cadere nel rischio dell\u2019abitudine , del fare le cose perch\u00e9 si devono fare o perch\u00e9 le fanno tutti , nella tentazione del mercenario che scappa davanti ai tanti lupi &nbsp;di oggi . Renderanno grazie se sari capace , quando la gente si accoster\u00e0 a te in ginocchio , per chiedere il perdono , a metterti in ginocchio davanti a loro , a chinarti sulle ferite dell\u2019umanit\u00e0 , per curarle come il Buon samaritano , con l\u2019olio della consolazione ed il vino della speranza. Renderanno grazie se scegli la parte del servo e non di quello che viene servito. Renderanno grazie se sarai apostolo di misericordia sempre , comunque e dovunque . Non avere paura di essere misericordioso , anzi spargi a piene mani misericordia e perdono , perch\u00e9 bont\u00e0 e tenerezza \u00e8 il Signore. Renderanno grazie se sarai uomo di comunione , sempre pronto ad unire e mai a dividere ; se serai prete in uscita non aspettando che gli altri   vengano a cercarti , ma andando tu a cercarli evitando il rischio \u2013 tipico di alcuni preti \u2013 delle comodit\u00e0 , della rigidit\u00e0 , della formalit\u00e0 , per aamminare invece nei sentieri del cuore della gente , delle famiglie , dei giovani ; sentieri che a volte si fanno complicati o diventano valli oscure dove \u00e8 difficile capirci qualcosa se non affidandoci ed affidandoli a Dio . Renderanno grazie se sarai crocifisso con il Crocifisso , mangiato come il Pane della vita che tu tra poco donerai con le tue mani consacrate. Se avrai &nbsp;mani pronte solo a donare e mai a prendere : A volte potrai sentirti scartato , messo da parte , incompreso , deluso \u2013 perch\u00e9 anche noi preti conserviamo &#8211; e viva Dio &#8211; la nostra umanit\u00e0 \u2013 ma allora ti unirai pi\u00f9 profondamente alla Pietra scartata dai costruttoti che per\u00f2 diventa la Pietra d\u2019angolo. Si, anche quando noi Sacerdoti diciamo cose stupende e toccanti o compiamo cose grandi , avvertiamo trutto il peso della nostra umanit\u00e0 povera e fragile : Dio non ha scelto degli Angeli per farne dei preti , come non ha scelto gli uomini migliori per farne Apostoli. Siamo uoimini diversi per nascita , formazione , carattere , uomini tuttavia accomunati dall\u2019unica risposta data con generosit\u00e0 pur nella consapevolezza di essere deboli e peccatori e che ci permette di dire:\u201c<\/em><\/strong><strong><em> Il Signore ha fatto grandi cose per noi \u201c.<\/em><\/strong><\/p>\n\n\n\n<p><strong><em>Voglio ora che questo grazie sia anche e soprattutto per il nostro <\/em><\/strong><strong><em>Seminario Arcivescovile<\/em><\/strong><strong><em> , dove generazioni di sacerdoti della nostra diocesi come anche <\/em><\/strong><strong><em>il Venerabile Sem. Pietro Di Vitale<\/em><\/strong><strong><em> hanno imparato a declinare il proprio ministero sui passi del Vangelo delle Beatitudini.<\/em><\/strong><\/p>\n\n\n\n<p><strong><em>Giuseppe ti auguriamo di essere uomo in mezzo agli uomini , portando loro Dio che non potrai mai donare agli altri se tu non sei in perfetta ed intima comunione con Lui . Cos\u00ec vivrai per Lui e con Lui che deve essere il centro della tua vita . Prega con Ges\u00f9 , opera con Ges\u00f9 , ama come Ges\u00f9 , sia Lui e Lui solo la tua vita. Porta sempre con te i segni della fede ricevuti &nbsp;nella formazione che ti \u00e8 stata data all\u2019interno della famiglia e del Seminario : il desiderio e la ricerca dell\u2019unit\u00e0 , la costanza nella carit\u00e0 , l\u2019assiduit\u00e0 nella preghiera , il dono sofferto del perdono . Non aspirare mai a titoli e ad onorificenze e paludamenti umani che sanno soltanto di stantio e di anacronismo , Sii solo e semplicemente Giuseppe.<\/em><\/strong><\/p>\n\n\n\n<p><strong><em>Nella sagrestia della nostra Chiesa Madre c\u2019\u00e8 da sempre affisso a parete un quadretto con una frase latina che recita cos\u00ec . \u201c Sacerdos celebra Missam ut primam , ut unicam , ut ultimam ! \u201d Sacerdote : &#8211; celebra la Messa come se fosse la prima (che emozione) , come se fosse l\u2019unica (che impegno) , come se fosse l\u2019ultima (che intensit\u00e0 ) . &nbsp;Sia questa la tua scelta , il tuo impegno , il tuo premio .<\/em><\/strong><\/p>\n\n\n\n<p><strong><em>Carissimo Giuseppe : &nbsp;a nome di tutta la comunit\u00e0 parrocchiale che ti ha visto , seguito , amato in tutti gli anni del Seminario ti affido a Ges\u00f9 Buon Pastore ed alla Vergine Maria . Ti sostengano nelle difficolt\u00e0 , ti prendano in braccio ,ti facciano sentire sempre :\u201c sacerdote in eterno\u201d .<\/em><\/strong><\/p>\n\n\n\n<p><strong><em>Un \u00a0forte abbraccio dal tuo Parroco con gli auguri pi\u00f9 sinceri perch\u00e9 tu possa prendere decisamente e responsabilmente in mano la tua vita e farne davvero un capolavoro . Auguri!<\/em><\/strong><\/p>\n\n\n\n<p><strong><em>&nbsp;&nbsp;&nbsp; <\/em><\/strong><strong><em>&nbsp;&nbsp;&nbsp; <\/em><\/strong><strong><em>&nbsp;&nbsp;&nbsp; <\/em><\/strong><strong><em>&nbsp;&nbsp;&nbsp; <\/em><\/strong><strong><em>&nbsp;&nbsp;&nbsp; <\/em><\/strong><strong><em>&nbsp;&nbsp;&nbsp; <\/em><\/strong><strong><em>Don Onorio Scaglione<\/em><\/strong><\/p>\n\n\n\n<div class=\"wp-block-file\"><a href=\"http:\/\/www.madricecastronovo.arcidiocesi.palermo.it\/wordpress\/wp-content\/uploads\/Don-Giuseppe-Salvato-Collura-Prete-novello.pdf\"><strong>Clicca qui per scaricare l&#8217;omelia<\/strong><\/a><a href=\"http:\/\/www.madricecastronovo.arcidiocesi.palermo.it\/wordpress\/wp-content\/uploads\/Don-Giuseppe-Salvato-Collura-Prete-novello.pdf\" class=\"wp-block-file__button\" download>Scarica<\/a><\/div>\n","protected":false},"excerpt":{"rendered":"<p>Carissimi fedeli , carissimo Giuseppe confratello nel Sacerdozio .&nbsp;&nbsp;&nbsp; &nbsp;&nbsp;&nbsp; &nbsp;&nbsp;&nbsp; &nbsp;&nbsp;&nbsp; &nbsp;&nbsp;&nbsp; &nbsp;&nbsp;&nbsp; &nbsp;&nbsp;&nbsp; &nbsp;&nbsp;&nbsp; &nbsp;&nbsp;&nbsp; \u00e8 tradizione a Castronovo di Sicilia , nella prima messa di un novello sacerdote , che sia il Parroco a tenere l\u2019omelia . A me , allora il graditissimo compito oggi di dire qualcosa in questa occasione cos\u00ec [&hellip;]<\/p>\n","protected":false},"author":1,"featured_media":0,"comment_status":"closed","ping_status":"closed","sticky":false,"template":"","format":"standard","meta":[],"categories":[15],"tags":[],"_links":{"self":[{"href":"http:\/\/www.madricecastronovo.arcidiocesi.palermo.it\/wordpress\/index.php?rest_route=\/wp\/v2\/posts\/3065"}],"collection":[{"href":"http:\/\/www.madricecastronovo.arcidiocesi.palermo.it\/wordpress\/index.php?rest_route=\/wp\/v2\/posts"}],"about":[{"href":"http:\/\/www.madricecastronovo.arcidiocesi.palermo.it\/wordpress\/index.php?rest_route=\/wp\/v2\/types\/post"}],"author":[{"embeddable":true,"href":"http:\/\/www.madricecastronovo.arcidiocesi.palermo.it\/wordpress\/index.php?rest_route=\/wp\/v2\/users\/1"}],"replies":[{"embeddable":true,"href":"http:\/\/www.madricecastronovo.arcidiocesi.palermo.it\/wordpress\/index.php?rest_route=%2Fwp%2Fv2%2Fcomments&post=3065"}],"version-history":[{"count":6,"href":"http:\/\/www.madricecastronovo.arcidiocesi.palermo.it\/wordpress\/index.php?rest_route=\/wp\/v2\/posts\/3065\/revisions"}],"predecessor-version":[{"id":3073,"href":"http:\/\/www.madricecastronovo.arcidiocesi.palermo.it\/wordpress\/index.php?rest_route=\/wp\/v2\/posts\/3065\/revisions\/3073"}],"wp:attachment":[{"href":"http:\/\/www.madricecastronovo.arcidiocesi.palermo.it\/wordpress\/index.php?rest_route=%2Fwp%2Fv2%2Fmedia&parent=3065"}],"wp:term":[{"taxonomy":"category","embeddable":true,"href":"http:\/\/www.madricecastronovo.arcidiocesi.palermo.it\/wordpress\/index.php?rest_route=%2Fwp%2Fv2%2Fcategories&post=3065"},{"taxonomy":"post_tag","embeddable":true,"href":"http:\/\/www.madricecastronovo.arcidiocesi.palermo.it\/wordpress\/index.php?rest_route=%2Fwp%2Fv2%2Ftags&post=3065"}],"curies":[{"name":"wp","href":"https:\/\/api.w.org\/{rel}","templated":true}]}}