{"id":2948,"date":"2018-07-06T23:12:00","date_gmt":"2018-07-06T22:12:00","guid":{"rendered":"http:\/\/www.madricecastronovo.arcidiocesi.palermo.it\/wordpress\/?p=2948"},"modified":"2018-07-06T23:12:00","modified_gmt":"2018-07-06T22:12:00","slug":"pietro-di-vitale-adesso-e-venerabile-servo-di-dio","status":"publish","type":"post","link":"http:\/\/www.madricecastronovo.arcidiocesi.palermo.it\/wordpress\/?p=2948","title":{"rendered":"Pietro Di Vitale adesso \u00e8 Venerabile Servo di Dio"},"content":{"rendered":"<p><a href=\"http:\/\/www.madricecastronovo.arcidiocesi.palermo.it\/wordpress\/wp-content\/uploads\/Pietro-Di-Vitale-3.jpg\"><img loading=\"lazy\" class=\"alignnone size-full wp-image-2951\" src=\"http:\/\/www.madricecastronovo.arcidiocesi.palermo.it\/wordpress\/wp-content\/uploads\/Pietro-Di-Vitale-3.jpg\" alt=\"\" width=\"341\" height=\"480\" srcset=\"http:\/\/www.madricecastronovo.arcidiocesi.palermo.it\/wordpress\/wp-content\/uploads\/Pietro-Di-Vitale-3.jpg 341w, http:\/\/www.madricecastronovo.arcidiocesi.palermo.it\/wordpress\/wp-content\/uploads\/Pietro-Di-Vitale-3-213x300.jpg 213w\" sizes=\"(max-width: 341px) 100vw, 341px\" \/><\/a><\/p>\n<p>La Chiesa ha quattro nuovi Venerabili Servi di Dio: si tratta del castronovese Pietro Di Vitale, Giorgio La Pira, Alessia Gonz\u00e1lez-Barros y Gonz\u00e1lez e Carlo Acutis. Tutti e quattro laici. Un grandissimo onore per la comunit\u00e0 di Castronovo. &nbsp;Il percorso verso la canonizzazione del giovane seminarista va sempre pi\u00f9 avanti.&nbsp;<br \/>\nSul sito del Vaticano vaticannews.va si legge la biografia di Pietro di Vitale: &#8220;La vita terrena di Pietro Di Vitale ha fine a 23 anni, per una dolorosa malattia allo stomaco, che lo consuma lentamente fin dagli anni del liceo. Nasce il 14 dicembre 1916 a Castronovo di Sicilia, dove muore il 29 gennaio del 1940. Trascorre la sua vita tra il suo paese d\u2019origine e il Seminario arcivescovile di Palermo. E\u2019 iscritto all\u2019Azione Cattolica e membro del Terz\u2019Ordine francescano. Forte la sua devozione verso il Santissimo Sacramento e la Madonna. Molto dedito agli studi, non dimenticava le opere di carit\u00e0 e l&#8217;amore per il prossimo&#8221;.<\/p>\n","protected":false},"excerpt":{"rendered":"<p>La Chiesa ha quattro nuovi Venerabili Servi di Dio: si tratta del castronovese Pietro Di Vitale, Giorgio La Pira, Alessia Gonz\u00e1lez-Barros y Gonz\u00e1lez e Carlo Acutis. Tutti e quattro laici. Un grandissimo onore per la comunit\u00e0 di Castronovo. &nbsp;Il percorso verso la canonizzazione del giovane seminarista va sempre pi\u00f9 avanti.&nbsp; Sul sito del Vaticano vaticannews.va [&hellip;]<\/p>\n","protected":false},"author":1,"featured_media":0,"comment_status":"closed","ping_status":"closed","sticky":false,"template":"","format":"standard","meta":[],"categories":[12],"tags":[],"_links":{"self":[{"href":"http:\/\/www.madricecastronovo.arcidiocesi.palermo.it\/wordpress\/index.php?rest_route=\/wp\/v2\/posts\/2948"}],"collection":[{"href":"http:\/\/www.madricecastronovo.arcidiocesi.palermo.it\/wordpress\/index.php?rest_route=\/wp\/v2\/posts"}],"about":[{"href":"http:\/\/www.madricecastronovo.arcidiocesi.palermo.it\/wordpress\/index.php?rest_route=\/wp\/v2\/types\/post"}],"author":[{"embeddable":true,"href":"http:\/\/www.madricecastronovo.arcidiocesi.palermo.it\/wordpress\/index.php?rest_route=\/wp\/v2\/users\/1"}],"replies":[{"embeddable":true,"href":"http:\/\/www.madricecastronovo.arcidiocesi.palermo.it\/wordpress\/index.php?rest_route=%2Fwp%2Fv2%2Fcomments&post=2948"}],"version-history":[{"count":2,"href":"http:\/\/www.madricecastronovo.arcidiocesi.palermo.it\/wordpress\/index.php?rest_route=\/wp\/v2\/posts\/2948\/revisions"}],"predecessor-version":[{"id":2952,"href":"http:\/\/www.madricecastronovo.arcidiocesi.palermo.it\/wordpress\/index.php?rest_route=\/wp\/v2\/posts\/2948\/revisions\/2952"}],"wp:attachment":[{"href":"http:\/\/www.madricecastronovo.arcidiocesi.palermo.it\/wordpress\/index.php?rest_route=%2Fwp%2Fv2%2Fmedia&parent=2948"}],"wp:term":[{"taxonomy":"category","embeddable":true,"href":"http:\/\/www.madricecastronovo.arcidiocesi.palermo.it\/wordpress\/index.php?rest_route=%2Fwp%2Fv2%2Fcategories&post=2948"},{"taxonomy":"post_tag","embeddable":true,"href":"http:\/\/www.madricecastronovo.arcidiocesi.palermo.it\/wordpress\/index.php?rest_route=%2Fwp%2Fv2%2Ftags&post=2948"}],"curies":[{"name":"wp","href":"https:\/\/api.w.org\/{rel}","templated":true}]}}