{"id":293,"date":"2012-03-05T15:49:27","date_gmt":"2012-03-05T14:49:27","guid":{"rendered":"http:\/\/www.madricecastronovo.arcidiocesi.palermo.it\/wordpress\/?p=293"},"modified":"2012-03-05T15:49:27","modified_gmt":"2012-03-05T14:49:27","slug":"olio-castronovese-per-il-crisma-della-diocesi-di-palermo","status":"publish","type":"post","link":"http:\/\/www.madricecastronovo.arcidiocesi.palermo.it\/wordpress\/?p=293","title":{"rendered":"Olio castronovese per il crisma della diocesi di Palermo"},"content":{"rendered":"<p>Il giorno del Gioved\u00ec Santo al mattino nelle Cattedrali, il vescovo con solenne cerimonia consacra il sacro crisma, cio\u00e8 l\u2019olio benedetto da usare per tutto l\u2019anno per i Sacramenti del Battesimo, Cresima e Ordine Sacro e gli altri tre oli usati per il Battesimo, Unzione degli Infermi e per ungere i Catecumeni. Quest&#8217;anno a donare l&#8217;olio, che sar\u00e0 consacrato e distribuito all&#8217;arcidiocesi di Palermo, sar\u00e0 proprio la parrocchia della Santissima Trinit\u00e0 di Castronovo di Sicilia. Negli ultimi mesi, infatti, in chiesa madre \u00e8 stato raccolto l&#8217;olio e Gioved\u00ec 5 aprile, Gioved\u00ec Santo appunto, alle 10 verr\u00e0 consacrato dall&#8217;arcivescovo di Palermo, cardinale Paolo Romeo.<\/p>\n","protected":false},"excerpt":{"rendered":"<p>Il giorno del Gioved\u00ec Santo al mattino nelle Cattedrali, il vescovo con solenne cerimonia consacra il sacro crisma, cio\u00e8 l\u2019olio benedetto da usare per tutto l\u2019anno per i Sacramenti del Battesimo, Cresima e Ordine Sacro e gli altri tre oli usati per il Battesimo, Unzione degli Infermi e per ungere i Catecumeni. Quest&#8217;anno a donare [&hellip;]<\/p>\n","protected":false},"author":1,"featured_media":0,"comment_status":"closed","ping_status":"closed","sticky":false,"template":"","format":"standard","meta":[],"categories":[12],"tags":[],"_links":{"self":[{"href":"http:\/\/www.madricecastronovo.arcidiocesi.palermo.it\/wordpress\/index.php?rest_route=\/wp\/v2\/posts\/293"}],"collection":[{"href":"http:\/\/www.madricecastronovo.arcidiocesi.palermo.it\/wordpress\/index.php?rest_route=\/wp\/v2\/posts"}],"about":[{"href":"http:\/\/www.madricecastronovo.arcidiocesi.palermo.it\/wordpress\/index.php?rest_route=\/wp\/v2\/types\/post"}],"author":[{"embeddable":true,"href":"http:\/\/www.madricecastronovo.arcidiocesi.palermo.it\/wordpress\/index.php?rest_route=\/wp\/v2\/users\/1"}],"replies":[{"embeddable":true,"href":"http:\/\/www.madricecastronovo.arcidiocesi.palermo.it\/wordpress\/index.php?rest_route=%2Fwp%2Fv2%2Fcomments&post=293"}],"version-history":[{"count":1,"href":"http:\/\/www.madricecastronovo.arcidiocesi.palermo.it\/wordpress\/index.php?rest_route=\/wp\/v2\/posts\/293\/revisions"}],"predecessor-version":[{"id":294,"href":"http:\/\/www.madricecastronovo.arcidiocesi.palermo.it\/wordpress\/index.php?rest_route=\/wp\/v2\/posts\/293\/revisions\/294"}],"wp:attachment":[{"href":"http:\/\/www.madricecastronovo.arcidiocesi.palermo.it\/wordpress\/index.php?rest_route=%2Fwp%2Fv2%2Fmedia&parent=293"}],"wp:term":[{"taxonomy":"category","embeddable":true,"href":"http:\/\/www.madricecastronovo.arcidiocesi.palermo.it\/wordpress\/index.php?rest_route=%2Fwp%2Fv2%2Fcategories&post=293"},{"taxonomy":"post_tag","embeddable":true,"href":"http:\/\/www.madricecastronovo.arcidiocesi.palermo.it\/wordpress\/index.php?rest_route=%2Fwp%2Fv2%2Ftags&post=293"}],"curies":[{"name":"wp","href":"https:\/\/api.w.org\/{rel}","templated":true}]}}