{"id":2261,"date":"2016-11-01T18:10:33","date_gmt":"2016-11-01T17:10:33","guid":{"rendered":"http:\/\/www.madricecastronovo.arcidiocesi.palermo.it\/wordpress\/?p=2261"},"modified":"2016-11-02T23:22:21","modified_gmt":"2016-11-02T22:22:21","slug":"cordoglio-per-la-scomparsa-di-ciccio-pellitteri","status":"publish","type":"post","link":"http:\/\/www.madricecastronovo.arcidiocesi.palermo.it\/wordpress\/?p=2261","title":{"rendered":"Cordoglio per la scomparsa di Ciccio Pellitteri"},"content":{"rendered":"<p><a href=\"http:\/\/www.madricecastronovo.arcidiocesi.palermo.it\/wordpress\/wp-content\/uploads\/Ciccio-Pellitteri.jpg\"><img loading=\"lazy\" class=\"wp-image-2263 size-large aligncenter\" src=\"http:\/\/www.madricecastronovo.arcidiocesi.palermo.it\/wordpress\/wp-content\/uploads\/Ciccio-Pellitteri-1024x819.jpg\" alt=\"ciccio-pellitteri\" width=\"540\" height=\"432\" srcset=\"http:\/\/www.madricecastronovo.arcidiocesi.palermo.it\/wordpress\/wp-content\/uploads\/Ciccio-Pellitteri-1024x819.jpg 1024w, http:\/\/www.madricecastronovo.arcidiocesi.palermo.it\/wordpress\/wp-content\/uploads\/Ciccio-Pellitteri-300x240.jpg 300w, http:\/\/www.madricecastronovo.arcidiocesi.palermo.it\/wordpress\/wp-content\/uploads\/Ciccio-Pellitteri-768x614.jpg 768w, http:\/\/www.madricecastronovo.arcidiocesi.palermo.it\/wordpress\/wp-content\/uploads\/Ciccio-Pellitteri.jpg 1080w\" sizes=\"(max-width: 540px) 100vw, 540px\" \/><\/a>E&#8217; morto oggi a Castronovo Ciccio Pellitteri. La comunit\u00e0 parrocchiale si stringe attorno alla famiglia e ricorda questo nostro compagno infaticabile che ha dedicato la propria vita alla parrocchia. Ecco le parroco don Onorio Scaglione per ricordarlo:<\/p>\n<p>Oggi con la morte di &#8220;CICCIO&#8221; \u00e8 una parte di Castronovo che se ne va. Ha scritto certamente pagine di storia locale. Era infatti da tutti conosciuto ed apprezzato. Per la Chiesa , che ha servito ed amato per tantissimi anni, avrebbe dato la vita se fose stato necessario. A, lui il nostro pensiero riverente ed affettuoso e la nostra preghiera pi\u00f9 fervorosa. Alla famiglia le pi\u00f9 sincere condoglianze e la nostra vicinanza pi\u00f9 sentita. Ciao Ciccio , risposa in pace.<\/p>\n<p>E&#8217; stato un mio compagno di viaggio, amico sincero e fedele, grande uomo di fiducia, grande camminatore. La nostra Parrocchia piange certamente uno dei suoi figli migliori: il Signore lo ricompensi del tanto bene fatto soprattutto alla mia persona ed ai fedeli della Chiesa e gli assicuri la gioia del Paradiso. Caro Ciccio ci mancherai: riposa in pace!<\/p>\n<p>Il rito delle esequie per il carissimo CICCIO sar\u00e0 domani 2 novembre alle ore 16,00 nella Chiesa Madre. La nostra presenza sar\u00e0 la testimonianza viva di affetto sincero che ci legava a lui per il grande e straordinario amore che aveva per la nostra Matrice unito alla grande devozione per il Cuore Sacratissimo di Ges\u00f9. E&#8217; stato certamente un grande e lo ricorderemo per sempre.<\/p>\n","protected":false},"excerpt":{"rendered":"<p>E&#8217; morto oggi a Castronovo Ciccio Pellitteri. La comunit\u00e0 parrocchiale si stringe attorno alla famiglia e ricorda questo nostro compagno infaticabile che ha dedicato la propria vita alla parrocchia. Ecco le parroco don Onorio Scaglione per ricordarlo: Oggi con la morte di &#8220;CICCIO&#8221; \u00e8 una parte di Castronovo che se ne va. Ha scritto certamente [&hellip;]<\/p>\n","protected":false},"author":1,"featured_media":0,"comment_status":"closed","ping_status":"closed","sticky":false,"template":"","format":"standard","meta":[],"categories":[12],"tags":[],"_links":{"self":[{"href":"http:\/\/www.madricecastronovo.arcidiocesi.palermo.it\/wordpress\/index.php?rest_route=\/wp\/v2\/posts\/2261"}],"collection":[{"href":"http:\/\/www.madricecastronovo.arcidiocesi.palermo.it\/wordpress\/index.php?rest_route=\/wp\/v2\/posts"}],"about":[{"href":"http:\/\/www.madricecastronovo.arcidiocesi.palermo.it\/wordpress\/index.php?rest_route=\/wp\/v2\/types\/post"}],"author":[{"embeddable":true,"href":"http:\/\/www.madricecastronovo.arcidiocesi.palermo.it\/wordpress\/index.php?rest_route=\/wp\/v2\/users\/1"}],"replies":[{"embeddable":true,"href":"http:\/\/www.madricecastronovo.arcidiocesi.palermo.it\/wordpress\/index.php?rest_route=%2Fwp%2Fv2%2Fcomments&post=2261"}],"version-history":[{"count":2,"href":"http:\/\/www.madricecastronovo.arcidiocesi.palermo.it\/wordpress\/index.php?rest_route=\/wp\/v2\/posts\/2261\/revisions"}],"predecessor-version":[{"id":2264,"href":"http:\/\/www.madricecastronovo.arcidiocesi.palermo.it\/wordpress\/index.php?rest_route=\/wp\/v2\/posts\/2261\/revisions\/2264"}],"wp:attachment":[{"href":"http:\/\/www.madricecastronovo.arcidiocesi.palermo.it\/wordpress\/index.php?rest_route=%2Fwp%2Fv2%2Fmedia&parent=2261"}],"wp:term":[{"taxonomy":"category","embeddable":true,"href":"http:\/\/www.madricecastronovo.arcidiocesi.palermo.it\/wordpress\/index.php?rest_route=%2Fwp%2Fv2%2Fcategories&post=2261"},{"taxonomy":"post_tag","embeddable":true,"href":"http:\/\/www.madricecastronovo.arcidiocesi.palermo.it\/wordpress\/index.php?rest_route=%2Fwp%2Fv2%2Ftags&post=2261"}],"curies":[{"name":"wp","href":"https:\/\/api.w.org\/{rel}","templated":true}]}}