{"id":2147,"date":"2016-05-23T19:04:15","date_gmt":"2016-05-23T18:04:15","guid":{"rendered":"http:\/\/www.madricecastronovo.arcidiocesi.palermo.it\/wordpress\/?p=2147"},"modified":"2016-05-23T19:04:15","modified_gmt":"2016-05-23T18:04:15","slug":"omelia-del-parroco-in-occasione-della-visita-dellarcivescovo-corrado-lorefice","status":"publish","type":"post","link":"http:\/\/www.madricecastronovo.arcidiocesi.palermo.it\/wordpress\/?p=2147","title":{"rendered":"Omelia del parroco in occasione della visita dell&#8217;Arcivescovo Corrado Lorefice"},"content":{"rendered":"<p><a href=\"http:\/\/www.madricecastronovo.arcidiocesi.palermo.it\/wordpress\/wp-content\/uploads\/vescovo.jpg\"><img loading=\"lazy\" class=\"wp-image-2148 aligncenter\" src=\"http:\/\/www.madricecastronovo.arcidiocesi.palermo.it\/wordpress\/wp-content\/uploads\/vescovo.jpg\" alt=\"vescovo\" width=\"600\" height=\"338\" srcset=\"http:\/\/www.madricecastronovo.arcidiocesi.palermo.it\/wordpress\/wp-content\/uploads\/vescovo.jpg 960w, http:\/\/www.madricecastronovo.arcidiocesi.palermo.it\/wordpress\/wp-content\/uploads\/vescovo-300x169.jpg 300w, http:\/\/www.madricecastronovo.arcidiocesi.palermo.it\/wordpress\/wp-content\/uploads\/vescovo-768x432.jpg 768w\" sizes=\"(max-width: 600px) 100vw, 600px\" \/><\/a><\/p>\n<p>&nbsp;<\/p>\n<p><u>Carissimo Don Corrado<\/u>,<\/p>\n<p style=\"text-align: justify;\">\u00a0\u00a0\u00a0\u00a0\u00a0\u00a0\u00a0\u00a0\u00a0\u00a0\u00a0\u00a0\u00a0\u00a0\u00a0\u00a0\u00a0\u00a0\u00a0\u00a0\u00a0\u00a0\u00a0\u00a0\u00a0\u00a0\u00a0 con gli Arcivescovi che l\u2019hanno preceduto (i Cardd. Ernesto Ruffini, Francesco Carpino, Salvatore Pappalardo, Salvatore De Giorgi e Paolo Romeo) e con i quali, nei miei 50 anni di Sacerdozio, mi sono trovato sempre e piacevolmente a stretto e diretto contatto offrendo loro una pronta, vivace ed affettuosa collaborazione ero sempre io il pi\u00f9 piccolo rispetto a loro per et\u00e0. Ora invece con Lei, mi trovo ad essere pi\u00f9 grande di ben 20 anni ; ma lasciando da parte l\u2019et\u00e0 anagrafica perch\u00e9 quando si vive bene ed intensamente l\u2019et\u00e0 \u00e8 solo un numero, la debbo sinceramente ringraziare per l\u2019entusiasmo, la simpatia e l\u2019empatia che trasmette,\u00a0 per la ventata di energia e di novit\u00e0 portata nelle relazioni umane, per l\u2019esuberanza giovanile e la vivacit\u00e0 spirituale con le quali \u00a0coinvolge e galvanizza tutti, spronandoci ad essere svegli, affettuosi ed operativi. Viva la giovent\u00f9. Evviva il nostro Arcivescovo per questa rinnovata Pentecoste palermitana.<\/p>\n<p style=\"text-align: justify;\">Siamo stasera al nostro secondo incontro con Lei. A nome mio personale ed a nome di questa comunit\u00e0 Parrocchiale che ho la gioia, l\u2019onore ed il piacere di servire per amore le porgo il pi\u00f9 cordiale e sincero bentornato tra noi.<\/p>\n<p style=\"text-align: justify;\">Mi permetta di farle conoscere &#8211; anche se in brevi cenni &#8211; la lunga storia di questa nostra comunit\u00e0\u00a0 cristiana e le radici sante che l\u2019hanno generata. Ricordiamo innanzitutto il nostro Santo concittadino e Patrono <u>San Vitale Abate<\/u> vissuto nel 900 ; il servo di Dio <u>Pietro Di Vitale<\/u>, alunno del nostro Seminario Arcivescovile di Palermo, del quale \u00e8 in corso il processo di Beatificazione ed il servo di Dio <u>Fra Vitale Lino<\/u> dei Frati Minori Cappuccini: essi sono in continuit\u00e0 con tutti i generosi credenti del recente passato, di ieri e di oggi.<\/p>\n<p style=\"text-align: justify;\">Mi piace ricordare i tre Vescovi originari della nostra Parrocchia: Mons.Andrea Lucchese vescovo di Agrigento nel 1755, Mons.Francesco Traina vescovo di Patti nel 1903 e Mons.Salvatore Celauro vescovo ausiliare di Newhark (USA) nel 1960: i tanti Sacerdoti, i Religiosi e le Religiose ; le associazioni ed i gruppi parrocchiali che sono il polmone della Parrocchia ; grande collaborazione offrono un accolito istituito ed un lettore istituito ; abbiamo due giovani che si preparano al Sacerdozio (la loro vocazione \u00e8 nata in questa Chiesa parrocchiale): uno \u00e8 attualmente alunno del nostro seminario diocesano e l\u2019altro dai Padri Cappuccini di Palermo e poi i numerosi iscritti e frequentanti i tre anni della scuola\u00a0 teologica di base con i relativi corsi di approfondimento ; la folta, vivace e preparata squadra dei catechisti ; \u00a0i quindici ministri straordinari della Comunione ; il collaudato e brillante coro parrocchiale e non ultimo il sito web della Parrocchia molto visitato ed apprezzato sopratutto dai tanti nostri emigrati in ogni parte di \u00a0Italia ed all\u2019estero.<\/p>\n<p style=\"text-align: justify;\">Arricchiti da questo vissuto di cui desideriamo essere responsabili continuatori, ci sforziamo di realizzare una comunit\u00e0 ricca di vivacit\u00e0 spirituale superando le immancabili ed esistenti ombre, divisioni, deficienze, contrapposizioni e conflitti che certamente rallentano o disturbano il comune cammino (\u201cIn amaritudine salus\u201d) ; una comunit\u00e0 attenta ai poveri ed ai sofferenti, ai piccoli ed ai soli ; una comunit\u00e0 capace di annunciare a tutti la fede, la speranza, la gioia cristiana, l\u2019amore ed il timore del Signore.<\/p>\n<p style=\"text-align: justify;\">Ed ora le presento i ventotto giovani (tutti alunni di terza media) per i quali, insieme ai catechisti Barbarino Pina, Riggio Michele, Mul\u00e8 Cinzia e Lo Dolce Francesca, Le chiediamo di conferire il Sacramento della Confermazione che attraverso il sigillo dello Spirito, li abiliter\u00e0 ad essere definitivamente, nella Chiesa e nel mondo, testimoni della Resurrezione. Personalmente mi auguro che il sacramento che oggi ricevono non diventi per nessuno di loro, come anche da noi purtroppo accade, il sacramento dell\u2019addio alla pratica religiosa, ma il sacramento che nella Chiesa li veda veri testimoni, bravi soldati e mai poveri ed anonimi disertori.<\/p>\n<p style=\"text-align: justify;\">Carissimo Don Corrado: per Lei il nostro grazie pi\u00f9 sincero ed un forte abbraccio da tutti i Castronovesi.<\/p>\n","protected":false},"excerpt":{"rendered":"<p>&nbsp; Carissimo Don Corrado, \u00a0\u00a0\u00a0\u00a0\u00a0\u00a0\u00a0\u00a0\u00a0\u00a0\u00a0\u00a0\u00a0\u00a0\u00a0\u00a0\u00a0\u00a0\u00a0\u00a0\u00a0\u00a0\u00a0\u00a0\u00a0\u00a0\u00a0 con gli Arcivescovi che l\u2019hanno preceduto (i Cardd. Ernesto Ruffini, Francesco Carpino, Salvatore Pappalardo, Salvatore De Giorgi e Paolo Romeo) e con i quali, nei miei 50 anni di Sacerdozio, mi sono trovato sempre e piacevolmente a stretto e diretto contatto offrendo loro una pronta, vivace ed affettuosa collaborazione ero [&hellip;]<\/p>\n","protected":false},"author":1,"featured_media":0,"comment_status":"closed","ping_status":"closed","sticky":false,"template":"","format":"standard","meta":[],"categories":[10],"tags":[],"_links":{"self":[{"href":"http:\/\/www.madricecastronovo.arcidiocesi.palermo.it\/wordpress\/index.php?rest_route=\/wp\/v2\/posts\/2147"}],"collection":[{"href":"http:\/\/www.madricecastronovo.arcidiocesi.palermo.it\/wordpress\/index.php?rest_route=\/wp\/v2\/posts"}],"about":[{"href":"http:\/\/www.madricecastronovo.arcidiocesi.palermo.it\/wordpress\/index.php?rest_route=\/wp\/v2\/types\/post"}],"author":[{"embeddable":true,"href":"http:\/\/www.madricecastronovo.arcidiocesi.palermo.it\/wordpress\/index.php?rest_route=\/wp\/v2\/users\/1"}],"replies":[{"embeddable":true,"href":"http:\/\/www.madricecastronovo.arcidiocesi.palermo.it\/wordpress\/index.php?rest_route=%2Fwp%2Fv2%2Fcomments&post=2147"}],"version-history":[{"count":1,"href":"http:\/\/www.madricecastronovo.arcidiocesi.palermo.it\/wordpress\/index.php?rest_route=\/wp\/v2\/posts\/2147\/revisions"}],"predecessor-version":[{"id":2149,"href":"http:\/\/www.madricecastronovo.arcidiocesi.palermo.it\/wordpress\/index.php?rest_route=\/wp\/v2\/posts\/2147\/revisions\/2149"}],"wp:attachment":[{"href":"http:\/\/www.madricecastronovo.arcidiocesi.palermo.it\/wordpress\/index.php?rest_route=%2Fwp%2Fv2%2Fmedia&parent=2147"}],"wp:term":[{"taxonomy":"category","embeddable":true,"href":"http:\/\/www.madricecastronovo.arcidiocesi.palermo.it\/wordpress\/index.php?rest_route=%2Fwp%2Fv2%2Fcategories&post=2147"},{"taxonomy":"post_tag","embeddable":true,"href":"http:\/\/www.madricecastronovo.arcidiocesi.palermo.it\/wordpress\/index.php?rest_route=%2Fwp%2Fv2%2Ftags&post=2147"}],"curies":[{"name":"wp","href":"https:\/\/api.w.org\/{rel}","templated":true}]}}