{"id":172,"date":"2012-02-12T02:26:05","date_gmt":"2012-02-12T01:26:05","guid":{"rendered":"http:\/\/www.madricecastronovo.arcidiocesi.palermo.it\/wordpress\/?p=172"},"modified":"2012-02-08T12:28:14","modified_gmt":"2012-02-08T11:28:14","slug":"sacre-quarantore","status":"publish","type":"post","link":"http:\/\/www.madricecastronovo.arcidiocesi.palermo.it\/wordpress\/?p=172","title":{"rendered":"Sacre Quarantore"},"content":{"rendered":"<p>Inizieranno domenica 19 febbraio alle 11,30 le Sacre Quarantore nella chiesa madre della Santissima Trinit\u00e0: verr\u00e0 esposto il Santissimo Sacramento e l&#8217;adorazione eucaristica si protrarr\u00e0 fino a marted\u00ec 21. Luned\u00ec\u00a0 20 e marted\u00ec 21 alle 17 si celebrer\u00e0 l&#8217;Ora Santa con la benedizione finale.<\/p>\n","protected":false},"excerpt":{"rendered":"<p>Inizieranno domenica 19 febbraio alle 11,30 le Sacre Quarantore nella chiesa madre della Santissima Trinit\u00e0: verr\u00e0 esposto il Santissimo Sacramento e l&#8217;adorazione eucaristica si protrarr\u00e0 fino a marted\u00ec 21. Luned\u00ec\u00a0 20 e marted\u00ec 21 alle 17 si celebrer\u00e0 l&#8217;Ora Santa con la benedizione finale.<\/p>\n","protected":false},"author":1,"featured_media":0,"comment_status":"closed","ping_status":"closed","sticky":false,"template":"","format":"standard","meta":[],"categories":[1],"tags":[],"_links":{"self":[{"href":"http:\/\/www.madricecastronovo.arcidiocesi.palermo.it\/wordpress\/index.php?rest_route=\/wp\/v2\/posts\/172"}],"collection":[{"href":"http:\/\/www.madricecastronovo.arcidiocesi.palermo.it\/wordpress\/index.php?rest_route=\/wp\/v2\/posts"}],"about":[{"href":"http:\/\/www.madricecastronovo.arcidiocesi.palermo.it\/wordpress\/index.php?rest_route=\/wp\/v2\/types\/post"}],"author":[{"embeddable":true,"href":"http:\/\/www.madricecastronovo.arcidiocesi.palermo.it\/wordpress\/index.php?rest_route=\/wp\/v2\/users\/1"}],"replies":[{"embeddable":true,"href":"http:\/\/www.madricecastronovo.arcidiocesi.palermo.it\/wordpress\/index.php?rest_route=%2Fwp%2Fv2%2Fcomments&post=172"}],"version-history":[{"count":1,"href":"http:\/\/www.madricecastronovo.arcidiocesi.palermo.it\/wordpress\/index.php?rest_route=\/wp\/v2\/posts\/172\/revisions"}],"predecessor-version":[{"id":173,"href":"http:\/\/www.madricecastronovo.arcidiocesi.palermo.it\/wordpress\/index.php?rest_route=\/wp\/v2\/posts\/172\/revisions\/173"}],"wp:attachment":[{"href":"http:\/\/www.madricecastronovo.arcidiocesi.palermo.it\/wordpress\/index.php?rest_route=%2Fwp%2Fv2%2Fmedia&parent=172"}],"wp:term":[{"taxonomy":"category","embeddable":true,"href":"http:\/\/www.madricecastronovo.arcidiocesi.palermo.it\/wordpress\/index.php?rest_route=%2Fwp%2Fv2%2Fcategories&post=172"},{"taxonomy":"post_tag","embeddable":true,"href":"http:\/\/www.madricecastronovo.arcidiocesi.palermo.it\/wordpress\/index.php?rest_route=%2Fwp%2Fv2%2Ftags&post=172"}],"curies":[{"name":"wp","href":"https:\/\/api.w.org\/{rel}","templated":true}]}}