{"id":1440,"date":"2014-09-14T17:21:37","date_gmt":"2014-09-14T15:21:37","guid":{"rendered":"http:\/\/www.madricecastronovo.arcidiocesi.palermo.it\/wordpress\/?p=1440"},"modified":"2014-09-15T18:51:45","modified_gmt":"2014-09-15T16:51:45","slug":"il-nuovo-portone-della-chiesa-madre","status":"publish","type":"post","link":"http:\/\/www.madricecastronovo.arcidiocesi.palermo.it\/wordpress\/?p=1440","title":{"rendered":"Il nuovo portone della chiesa madre"},"content":{"rendered":"<p>Alcuni amici della parrocchia (Salvatore Lo Cicero, Severino Ciminato, Ivana Giarratana, Vincenzo Leto, Antonino Scaglione, Calogero Dolce e Vincenzo Lo Scrudato) hanno voluto rinnovare e restaurare il portone laterale della chiesa madre: adesso si pu\u00f2 ammirare, entrando in madrice, uno splendido capolavoro artigianale che \u00e8 stato benedetto e presentato ufficialmente alla comunit\u00e0 il 14 settembre in occasione della Festa dell&#8217;Esaltazione della Croce.<br \/>\nPresente una folla enorme di persone. Sono state anche benedette durante la celebrazione eucaristica dodici lanterne in legno artisticamente lavorate e una campana in argento da utilizzare per la processione del 3 maggio.<\/p>\n<p><a href=\"http:\/\/www.madricecastronovo.arcidiocesi.palermo.it\/wordpress\/wp-content\/uploads\/2014-08-20-18.58.27.jpg\"><img loading=\"lazy\" class=\" wp-image-1441 alignleft\" alt=\"2014-08-20 18.58.27\" src=\"http:\/\/www.madricecastronovo.arcidiocesi.palermo.it\/wordpress\/wp-content\/uploads\/2014-08-20-18.58.27.jpg\" width=\"270\" height=\"359\" srcset=\"http:\/\/www.madricecastronovo.arcidiocesi.palermo.it\/wordpress\/wp-content\/uploads\/2014-08-20-18.58.27.jpg 300w, http:\/\/www.madricecastronovo.arcidiocesi.palermo.it\/wordpress\/wp-content\/uploads\/2014-08-20-18.58.27-225x300.jpg 225w\" sizes=\"(max-width: 270px) 100vw, 270px\" \/><\/a><a href=\"http:\/\/www.madricecastronovo.arcidiocesi.palermo.it\/wordpress\/wp-content\/uploads\/2014-08-20-18.58.33.jpg\"><img loading=\"lazy\" class=\"wp-image-1442 alignright\" alt=\"2014-08-20 18.58.33\" src=\"http:\/\/www.madricecastronovo.arcidiocesi.palermo.it\/wordpress\/wp-content\/uploads\/2014-08-20-18.58.33.jpg\" width=\"270\" height=\"360\" srcset=\"http:\/\/www.madricecastronovo.arcidiocesi.palermo.it\/wordpress\/wp-content\/uploads\/2014-08-20-18.58.33.jpg 300w, http:\/\/www.madricecastronovo.arcidiocesi.palermo.it\/wordpress\/wp-content\/uploads\/2014-08-20-18.58.33-225x300.jpg 225w\" sizes=\"(max-width: 270px) 100vw, 270px\" \/><\/a><\/p>\n","protected":false},"excerpt":{"rendered":"<p>Alcuni amici della parrocchia (Salvatore Lo Cicero, Severino Ciminato, Ivana Giarratana, Vincenzo Leto, Antonino Scaglione, Calogero Dolce e Vincenzo Lo Scrudato) hanno voluto rinnovare e restaurare il portone laterale della chiesa madre: adesso si pu\u00f2 ammirare, entrando in madrice, uno splendido capolavoro artigianale che \u00e8 stato benedetto e presentato ufficialmente alla comunit\u00e0 il 14 settembre [&hellip;]<\/p>\n","protected":false},"author":1,"featured_media":0,"comment_status":"closed","ping_status":"closed","sticky":false,"template":"","format":"standard","meta":[],"categories":[1],"tags":[],"_links":{"self":[{"href":"http:\/\/www.madricecastronovo.arcidiocesi.palermo.it\/wordpress\/index.php?rest_route=\/wp\/v2\/posts\/1440"}],"collection":[{"href":"http:\/\/www.madricecastronovo.arcidiocesi.palermo.it\/wordpress\/index.php?rest_route=\/wp\/v2\/posts"}],"about":[{"href":"http:\/\/www.madricecastronovo.arcidiocesi.palermo.it\/wordpress\/index.php?rest_route=\/wp\/v2\/types\/post"}],"author":[{"embeddable":true,"href":"http:\/\/www.madricecastronovo.arcidiocesi.palermo.it\/wordpress\/index.php?rest_route=\/wp\/v2\/users\/1"}],"replies":[{"embeddable":true,"href":"http:\/\/www.madricecastronovo.arcidiocesi.palermo.it\/wordpress\/index.php?rest_route=%2Fwp%2Fv2%2Fcomments&post=1440"}],"version-history":[{"count":13,"href":"http:\/\/www.madricecastronovo.arcidiocesi.palermo.it\/wordpress\/index.php?rest_route=\/wp\/v2\/posts\/1440\/revisions"}],"predecessor-version":[{"id":1474,"href":"http:\/\/www.madricecastronovo.arcidiocesi.palermo.it\/wordpress\/index.php?rest_route=\/wp\/v2\/posts\/1440\/revisions\/1474"}],"wp:attachment":[{"href":"http:\/\/www.madricecastronovo.arcidiocesi.palermo.it\/wordpress\/index.php?rest_route=%2Fwp%2Fv2%2Fmedia&parent=1440"}],"wp:term":[{"taxonomy":"category","embeddable":true,"href":"http:\/\/www.madricecastronovo.arcidiocesi.palermo.it\/wordpress\/index.php?rest_route=%2Fwp%2Fv2%2Fcategories&post=1440"},{"taxonomy":"post_tag","embeddable":true,"href":"http:\/\/www.madricecastronovo.arcidiocesi.palermo.it\/wordpress\/index.php?rest_route=%2Fwp%2Fv2%2Ftags&post=1440"}],"curies":[{"name":"wp","href":"https:\/\/api.w.org\/{rel}","templated":true}]}}