{"id":1432,"date":"2014-08-02T17:48:04","date_gmt":"2014-08-02T15:48:04","guid":{"rendered":"http:\/\/www.madricecastronovo.arcidiocesi.palermo.it\/wordpress\/?p=1432"},"modified":"2014-09-04T19:40:24","modified_gmt":"2014-09-04T17:40:24","slug":"avvisi-di-agosto-2014","status":"publish","type":"post","link":"http:\/\/www.madricecastronovo.arcidiocesi.palermo.it\/wordpress\/?p=1432","title":{"rendered":"Avvisi di Agosto 2014"},"content":{"rendered":"<p>Domenica 9 agosto 2014<br \/>\n<span style=\"text-decoration: underline;\"><strong>Festa di San Vitale<\/strong><\/span><br \/>\nSante Messe: ore 10 &#8211; ore 11,30 &#8211; ore 18<br \/>\nAlle ore 18 celebrer\u00e0 la Santa Messa don Paolo Marsala e subito dopo presieder\u00e0 la processione per le vie del paese<\/p>\n<p>Venerd\u00ec 15 agosto 2014<br \/>\n<span style=\"text-decoration: underline;\"><strong>Festa della Madonna Assunta<\/strong><\/span><br \/>\nSante Messe negli stessi orari della domenica<\/p>\n","protected":false},"excerpt":{"rendered":"<p>Domenica 9 agosto 2014 Festa di San Vitale Sante Messe: ore 10 &#8211; ore 11,30 &#8211; ore 18 Alle ore 18 celebrer\u00e0 la Santa Messa don Paolo Marsala e subito dopo presieder\u00e0 la processione per le vie del paese Venerd\u00ec 15 agosto 2014 Festa della Madonna Assunta Sante Messe negli stessi orari della domenica<\/p>\n","protected":false},"author":1,"featured_media":0,"comment_status":"closed","ping_status":"closed","sticky":false,"template":"","format":"standard","meta":[],"categories":[14],"tags":[],"_links":{"self":[{"href":"http:\/\/www.madricecastronovo.arcidiocesi.palermo.it\/wordpress\/index.php?rest_route=\/wp\/v2\/posts\/1432"}],"collection":[{"href":"http:\/\/www.madricecastronovo.arcidiocesi.palermo.it\/wordpress\/index.php?rest_route=\/wp\/v2\/posts"}],"about":[{"href":"http:\/\/www.madricecastronovo.arcidiocesi.palermo.it\/wordpress\/index.php?rest_route=\/wp\/v2\/types\/post"}],"author":[{"embeddable":true,"href":"http:\/\/www.madricecastronovo.arcidiocesi.palermo.it\/wordpress\/index.php?rest_route=\/wp\/v2\/users\/1"}],"replies":[{"embeddable":true,"href":"http:\/\/www.madricecastronovo.arcidiocesi.palermo.it\/wordpress\/index.php?rest_route=%2Fwp%2Fv2%2Fcomments&post=1432"}],"version-history":[{"count":3,"href":"http:\/\/www.madricecastronovo.arcidiocesi.palermo.it\/wordpress\/index.php?rest_route=\/wp\/v2\/posts\/1432\/revisions"}],"predecessor-version":[{"id":1470,"href":"http:\/\/www.madricecastronovo.arcidiocesi.palermo.it\/wordpress\/index.php?rest_route=\/wp\/v2\/posts\/1432\/revisions\/1470"}],"wp:attachment":[{"href":"http:\/\/www.madricecastronovo.arcidiocesi.palermo.it\/wordpress\/index.php?rest_route=%2Fwp%2Fv2%2Fmedia&parent=1432"}],"wp:term":[{"taxonomy":"category","embeddable":true,"href":"http:\/\/www.madricecastronovo.arcidiocesi.palermo.it\/wordpress\/index.php?rest_route=%2Fwp%2Fv2%2Fcategories&post=1432"},{"taxonomy":"post_tag","embeddable":true,"href":"http:\/\/www.madricecastronovo.arcidiocesi.palermo.it\/wordpress\/index.php?rest_route=%2Fwp%2Fv2%2Ftags&post=1432"}],"curies":[{"name":"wp","href":"https:\/\/api.w.org\/{rel}","templated":true}]}}