{"id":1327,"date":"2014-05-27T16:12:31","date_gmt":"2014-05-27T14:12:31","guid":{"rendered":"http:\/\/www.madricecastronovo.arcidiocesi.palermo.it\/wordpress\/?p=1327"},"modified":"2014-07-02T16:21:21","modified_gmt":"2014-07-02T14:21:21","slug":"avvisi-di-giugno-2014","status":"publish","type":"post","link":"http:\/\/www.madricecastronovo.arcidiocesi.palermo.it\/wordpress\/?p=1327","title":{"rendered":"Avvisi di Giugno 2014"},"content":{"rendered":"<p><span style=\"text-decoration: underline;\"><strong>1 giugno<\/strong><strong> 2014<\/strong><\/span><br \/>\nOre 11,30<br \/>\nSecondo turno delle Prime comunioni<\/p>\n<p><strong><span style=\"text-decoration: underline;\">4 giugno<\/span><\/strong><br \/>\nOre 18 &#8211; Nella Cattedrale di PalermoIl cardinale Paolo Romeo conferir\u00e0 il mandato ai nuovi cinque ministri straordinari della Comunione<\/p>\n<p><span style=\"text-decoration: underline;\"><strong>8 giugno 2014<\/strong><\/span><br \/>\nOre 18 &#8211; Nella chiesa madre di Castronovo<br \/>\nIl parroco don Onorio Scaglione presenter\u00e0 alla comunit\u00e0 parrocchiale i nuovi cinque ministri straordinari della Comunione e dar\u00e0 l&#8217;attestato ai frequentanti il corso di preparazione al matrimonio<\/p>\n<p><span style=\"text-decoration: underline;\"><strong>13 giugno<\/strong><strong> 2014<\/strong><\/span><br \/>\nOre 18,00 &#8211; Chiesa di San Francesco<br \/>\nSanta Messa e benedizione del pane in onore di Sant&#8217;Antonio di Padova<\/p>\n<p><span style=\"text-decoration: underline;\"><strong>15 giugno 2014<\/strong><\/span><br \/>\nOre 11,30 &#8211; Santa Messa e cresima amministrata dal cardinale Paolo Romeo<\/p>\n<p><span style=\"text-decoration: underline;\"><strong>22 giugno 2014<\/strong><\/span><br \/>\nOre 8,00 Santa Messa trasmessa dalla parrocchia attraverso Radio Maria<br \/>\nNel pomeriggio alle ore 17,00 processione con il Santissimo Sacramento<\/p>\n<p><span style=\"text-decoration: underline;\"><strong>27 giugno 2014<\/strong><\/span><br \/>\nOre 18,00 &#8211; Santa Messa Solenne in onore del Sacro Cuore di Ges\u00f9<br \/>\n&nbsp;<\/p>\n","protected":false},"excerpt":{"rendered":"<p>1 giugno 2014 Ore 11,30 Secondo turno delle Prime comunioni 4 giugno Ore 18 &#8211; Nella Cattedrale di PalermoIl cardinale Paolo Romeo conferir\u00e0 il mandato ai nuovi cinque ministri straordinari della Comunione 8 giugno 2014 Ore 18 &#8211; Nella chiesa madre di Castronovo Il parroco don Onorio Scaglione presenter\u00e0 alla comunit\u00e0 parrocchiale i nuovi cinque [&hellip;]<\/p>\n","protected":false},"author":1,"featured_media":0,"comment_status":"closed","ping_status":"closed","sticky":false,"template":"","format":"standard","meta":[],"categories":[14],"tags":[],"_links":{"self":[{"href":"http:\/\/www.madricecastronovo.arcidiocesi.palermo.it\/wordpress\/index.php?rest_route=\/wp\/v2\/posts\/1327"}],"collection":[{"href":"http:\/\/www.madricecastronovo.arcidiocesi.palermo.it\/wordpress\/index.php?rest_route=\/wp\/v2\/posts"}],"about":[{"href":"http:\/\/www.madricecastronovo.arcidiocesi.palermo.it\/wordpress\/index.php?rest_route=\/wp\/v2\/types\/post"}],"author":[{"embeddable":true,"href":"http:\/\/www.madricecastronovo.arcidiocesi.palermo.it\/wordpress\/index.php?rest_route=\/wp\/v2\/users\/1"}],"replies":[{"embeddable":true,"href":"http:\/\/www.madricecastronovo.arcidiocesi.palermo.it\/wordpress\/index.php?rest_route=%2Fwp%2Fv2%2Fcomments&post=1327"}],"version-history":[{"count":5,"href":"http:\/\/www.madricecastronovo.arcidiocesi.palermo.it\/wordpress\/index.php?rest_route=\/wp\/v2\/posts\/1327\/revisions"}],"predecessor-version":[{"id":1400,"href":"http:\/\/www.madricecastronovo.arcidiocesi.palermo.it\/wordpress\/index.php?rest_route=\/wp\/v2\/posts\/1327\/revisions\/1400"}],"wp:attachment":[{"href":"http:\/\/www.madricecastronovo.arcidiocesi.palermo.it\/wordpress\/index.php?rest_route=%2Fwp%2Fv2%2Fmedia&parent=1327"}],"wp:term":[{"taxonomy":"category","embeddable":true,"href":"http:\/\/www.madricecastronovo.arcidiocesi.palermo.it\/wordpress\/index.php?rest_route=%2Fwp%2Fv2%2Fcategories&post=1327"},{"taxonomy":"post_tag","embeddable":true,"href":"http:\/\/www.madricecastronovo.arcidiocesi.palermo.it\/wordpress\/index.php?rest_route=%2Fwp%2Fv2%2Ftags&post=1327"}],"curies":[{"name":"wp","href":"https:\/\/api.w.org\/{rel}","templated":true}]}}