{"id":1108,"date":"2013-12-02T15:47:21","date_gmt":"2013-12-02T14:47:21","guid":{"rendered":"http:\/\/www.madricecastronovo.arcidiocesi.palermo.it\/wordpress\/?p=1108"},"modified":"2013-12-02T15:47:21","modified_gmt":"2013-12-02T14:47:21","slug":"celebrata-la-festa-di-cristo-re","status":"publish","type":"post","link":"http:\/\/www.madricecastronovo.arcidiocesi.palermo.it\/wordpress\/?p=1108","title":{"rendered":"Celebrata la festa di Cristo Re"},"content":{"rendered":"<p><a href=\"http:\/\/www.madricecastronovo.arcidiocesi.palermo.it\/wordpress\/?attachment_id=1109\" rel=\"attachment wp-att-1109\"><img loading=\"lazy\" class=\"aligncenter size-full wp-image-1109\" alt=\"cristo re\" src=\"http:\/\/www.madricecastronovo.arcidiocesi.palermo.it\/wordpress\/wp-content\/uploads\/cristo-re.jpg\" width=\"640\" height=\"857\" srcset=\"http:\/\/www.madricecastronovo.arcidiocesi.palermo.it\/wordpress\/wp-content\/uploads\/cristo-re.jpg 640w, http:\/\/www.madricecastronovo.arcidiocesi.palermo.it\/wordpress\/wp-content\/uploads\/cristo-re-224x300.jpg 224w\" sizes=\"(max-width: 640px) 100vw, 640px\" \/><\/a>Domenica 24 novembre 2013 tutta la Chiesa Cattolica ha festeggiato la Solennit\u00e0 di Nostro Signore Ges\u00f9 Cristo Re dell\u2019Universo e, ha celebrato, anche la chiusura dell\u2019Anno della Fede, indetto da Papa Benedetto XVI.<br \/>\nCos\u00ec come in tutte le Parrocchie, anche la nostra ha vissuto un momento di forte crescita spirituale e di preghiera.<br \/>\nAlle ore 16,45 ha avuto inizio la catechesi, a cura del Parroco, don Onorio Scaglione, che citando molti passi della Sacra Scrittura ha parlato della Fede che vuol dire Fiducia e che proviene dall\u2019ascolto della Parola di Dio. Pertanto \u00e8 per fede che si \u00e8 guariti, \u00e8 per fede che si \u00e8 salvati, \u00e8 con la fede che si pu\u00f2 sradicare un albero e trapiantarla nel mare. E\u2019 anche per fede e con la fede che si deve dare testimonianza a Dio: la chiusura dell\u2019Anno della Fede, infatti, non segna un punto di arrivo, ma il punto di partenza per l\u2019annuncio e la testimonianza.<br \/>\nSubito dopo la catechesi con l\u2019esposizione del Santissimo Sacramento ha avuto inizio l\u2019Adorazione Eucaristica, intenso momento di preghiera, guidato da Giovanni Mirabile, ricco di segni e basato su tre brani evangelici che proclamano Ges\u00f9 Re dei Re.<br \/>\nLa Santa Messa, come sempre ben animata e organizzata, \u00e8 stata l\u2019apice delle celebrazioni: la solennit\u00e0 data all\u2019evento dai canti, i lettori, l\u2019omelia del Parroco e la Benedizione finale col Santissimo, ha risaltato la Regalit\u00e0 di Cristo.<br \/>\nDurante la Santa Messa, sono stati posti ai piedi dell\u2019altare, trenta nuovi libri di canto, realizzati dall\u2019Azione Cattolica e da Giovanni Mirabile, che li hanno voluti regalare alla Parrocchia affinch\u00e8 \u201ctutta l&#8217;assemblea dei fedeli possa dare la sua partecipazione attiva\u201d. A tal proposito un sentito ringraziamento va alla Ditta NUOVA CIMAL S.r.l., che ha regalato alla Parrocchia l\u2019armadietto dove verranno conservati i suddetti libri di canto.<\/p>\n","protected":false},"excerpt":{"rendered":"<p>Domenica 24 novembre 2013 tutta la Chiesa Cattolica ha festeggiato la Solennit\u00e0 di Nostro Signore Ges\u00f9 Cristo Re dell\u2019Universo e, ha celebrato, anche la chiusura dell\u2019Anno della Fede, indetto da Papa Benedetto XVI. Cos\u00ec come in tutte le Parrocchie, anche la nostra ha vissuto un momento di forte crescita spirituale e di preghiera. Alle ore [&hellip;]<\/p>\n","protected":false},"author":1,"featured_media":0,"comment_status":"closed","ping_status":"closed","sticky":false,"template":"","format":"standard","meta":[],"categories":[10],"tags":[],"_links":{"self":[{"href":"http:\/\/www.madricecastronovo.arcidiocesi.palermo.it\/wordpress\/index.php?rest_route=\/wp\/v2\/posts\/1108"}],"collection":[{"href":"http:\/\/www.madricecastronovo.arcidiocesi.palermo.it\/wordpress\/index.php?rest_route=\/wp\/v2\/posts"}],"about":[{"href":"http:\/\/www.madricecastronovo.arcidiocesi.palermo.it\/wordpress\/index.php?rest_route=\/wp\/v2\/types\/post"}],"author":[{"embeddable":true,"href":"http:\/\/www.madricecastronovo.arcidiocesi.palermo.it\/wordpress\/index.php?rest_route=\/wp\/v2\/users\/1"}],"replies":[{"embeddable":true,"href":"http:\/\/www.madricecastronovo.arcidiocesi.palermo.it\/wordpress\/index.php?rest_route=%2Fwp%2Fv2%2Fcomments&post=1108"}],"version-history":[{"count":1,"href":"http:\/\/www.madricecastronovo.arcidiocesi.palermo.it\/wordpress\/index.php?rest_route=\/wp\/v2\/posts\/1108\/revisions"}],"predecessor-version":[{"id":1110,"href":"http:\/\/www.madricecastronovo.arcidiocesi.palermo.it\/wordpress\/index.php?rest_route=\/wp\/v2\/posts\/1108\/revisions\/1110"}],"wp:attachment":[{"href":"http:\/\/www.madricecastronovo.arcidiocesi.palermo.it\/wordpress\/index.php?rest_route=%2Fwp%2Fv2%2Fmedia&parent=1108"}],"wp:term":[{"taxonomy":"category","embeddable":true,"href":"http:\/\/www.madricecastronovo.arcidiocesi.palermo.it\/wordpress\/index.php?rest_route=%2Fwp%2Fv2%2Fcategories&post=1108"},{"taxonomy":"post_tag","embeddable":true,"href":"http:\/\/www.madricecastronovo.arcidiocesi.palermo.it\/wordpress\/index.php?rest_route=%2Fwp%2Fv2%2Ftags&post=1108"}],"curies":[{"name":"wp","href":"https:\/\/api.w.org\/{rel}","templated":true}]}}