{"id":1105,"date":"2013-12-02T15:46:07","date_gmt":"2013-12-02T14:46:07","guid":{"rendered":"http:\/\/www.madricecastronovo.arcidiocesi.palermo.it\/wordpress\/?p=1105"},"modified":"2013-12-02T15:46:07","modified_gmt":"2013-12-02T14:46:07","slug":"festa-di-santa-cecilia-patrona-dei-musicisti-e-dei-cantanti","status":"publish","type":"post","link":"http:\/\/www.madricecastronovo.arcidiocesi.palermo.it\/wordpress\/?p=1105","title":{"rendered":"Festa di Santa Cecilia, patrona dei musicisti e dei cantanti"},"content":{"rendered":"<p><a href=\"http:\/\/www.madricecastronovo.arcidiocesi.palermo.it\/wordpress\/?attachment_id=1106\" rel=\"attachment wp-att-1106\"><img loading=\"lazy\" class=\"aligncenter size-full wp-image-1106\" alt=\"santa cecilia\" src=\"http:\/\/www.madricecastronovo.arcidiocesi.palermo.it\/wordpress\/wp-content\/uploads\/santa-cecilia.jpg\" width=\"640\" height=\"480\" srcset=\"http:\/\/www.madricecastronovo.arcidiocesi.palermo.it\/wordpress\/wp-content\/uploads\/santa-cecilia.jpg 640w, http:\/\/www.madricecastronovo.arcidiocesi.palermo.it\/wordpress\/wp-content\/uploads\/santa-cecilia-300x225.jpg 300w\" sizes=\"(max-width: 640px) 100vw, 640px\" \/><\/a>Venerd\u00ec 22 novembre 2013, la Parrocchia SS. Trinit\u00e0 di Castronovo ha celebrato la festivit\u00e0 di Santa Cecilia martire, patrona della musica, dei musicisti e dei cantanti.<br \/>\nSono stati invitati tutti gli appassionati si musica (musicisti, cantanti e non), sia quelli abitanti a Castronovo, sia quelli che per motivi di studio e lavoro non vivono pi\u00f9 nel nostro paese, ma che hanno apprezzato l\u2019iniziativa, ringraziando per l\u2019attenzione avuta nei loro riguardi.<br \/>\nAlla fine della Santa Messa, \u00e8 seguita l\u2019esecuzione di svariati brani di musica religiosa, a cura di alcuni musicisti volontari: Francesco Colletto, che ha eseguito due pezzi al pianoforte, Sabrina Tirrito e Vitalino Gattuso, che hanno cantato una canzone ciascuno, diversi membri della locale banda musicale, che hanno eseguito Fratello Sole, Sorella Luna e Mira il tuo popolo ed, infine, Salvatore Lo Groi che ha suonato e cantato l\u2019Ave Maria di Schubert.<br \/>\nQuella di quest\u2019anno \u00e8 stata una prima iniziativa, per ricordare Santa Cecilia e lodare il Signore per mezzo della musica, alla quale si spera poter dare un seguito negli anni a venire.<br \/>\nSi ringraziano gli intervenuti e coloro che hanno collaborato.<\/p>\n","protected":false},"excerpt":{"rendered":"<p>Venerd\u00ec 22 novembre 2013, la Parrocchia SS. Trinit\u00e0 di Castronovo ha celebrato la festivit\u00e0 di Santa Cecilia martire, patrona della musica, dei musicisti e dei cantanti. Sono stati invitati tutti gli appassionati si musica (musicisti, cantanti e non), sia quelli abitanti a Castronovo, sia quelli che per motivi di studio e lavoro non vivono pi\u00f9 [&hellip;]<\/p>\n","protected":false},"author":1,"featured_media":0,"comment_status":"closed","ping_status":"closed","sticky":false,"template":"","format":"standard","meta":[],"categories":[10],"tags":[],"_links":{"self":[{"href":"http:\/\/www.madricecastronovo.arcidiocesi.palermo.it\/wordpress\/index.php?rest_route=\/wp\/v2\/posts\/1105"}],"collection":[{"href":"http:\/\/www.madricecastronovo.arcidiocesi.palermo.it\/wordpress\/index.php?rest_route=\/wp\/v2\/posts"}],"about":[{"href":"http:\/\/www.madricecastronovo.arcidiocesi.palermo.it\/wordpress\/index.php?rest_route=\/wp\/v2\/types\/post"}],"author":[{"embeddable":true,"href":"http:\/\/www.madricecastronovo.arcidiocesi.palermo.it\/wordpress\/index.php?rest_route=\/wp\/v2\/users\/1"}],"replies":[{"embeddable":true,"href":"http:\/\/www.madricecastronovo.arcidiocesi.palermo.it\/wordpress\/index.php?rest_route=%2Fwp%2Fv2%2Fcomments&post=1105"}],"version-history":[{"count":1,"href":"http:\/\/www.madricecastronovo.arcidiocesi.palermo.it\/wordpress\/index.php?rest_route=\/wp\/v2\/posts\/1105\/revisions"}],"predecessor-version":[{"id":1107,"href":"http:\/\/www.madricecastronovo.arcidiocesi.palermo.it\/wordpress\/index.php?rest_route=\/wp\/v2\/posts\/1105\/revisions\/1107"}],"wp:attachment":[{"href":"http:\/\/www.madricecastronovo.arcidiocesi.palermo.it\/wordpress\/index.php?rest_route=%2Fwp%2Fv2%2Fmedia&parent=1105"}],"wp:term":[{"taxonomy":"category","embeddable":true,"href":"http:\/\/www.madricecastronovo.arcidiocesi.palermo.it\/wordpress\/index.php?rest_route=%2Fwp%2Fv2%2Fcategories&post=1105"},{"taxonomy":"post_tag","embeddable":true,"href":"http:\/\/www.madricecastronovo.arcidiocesi.palermo.it\/wordpress\/index.php?rest_route=%2Fwp%2Fv2%2Ftags&post=1105"}],"curies":[{"name":"wp","href":"https:\/\/api.w.org\/{rel}","templated":true}]}}