{"id":1085,"date":"2013-11-06T10:17:39","date_gmt":"2013-11-06T09:17:39","guid":{"rendered":"http:\/\/www.madricecastronovo.arcidiocesi.palermo.it\/wordpress\/?p=1085"},"modified":"2013-11-06T10:22:45","modified_gmt":"2013-11-06T09:22:45","slug":"morire-di-speranza-omelia-del-parroco-in-occasione-della-commemorazione-dei-morti-di-lampedusa","status":"publish","type":"post","link":"http:\/\/www.madricecastronovo.arcidiocesi.palermo.it\/wordpress\/?p=1085","title":{"rendered":"Morire di speranza &#8211; Omelia del parroco in occasione della commemorazione dei morti di Lampedusa"},"content":{"rendered":"<p align=\"left\"><span style=\"text-decoration: underline;\"><a href=\"http:\/\/www.madricecastronovo.arcidiocesi.palermo.it\/wordpress\/?attachment_id=1086\" rel=\"attachment wp-att-1086\"><img loading=\"lazy\" class=\"aligncenter size-full wp-image-1086\" alt=\"4 novembre 2013\" src=\"http:\/\/www.madricecastronovo.arcidiocesi.palermo.it\/wordpress\/wp-content\/uploads\/4-novembre-2013.jpg\" width=\"643\" height=\"480\" srcset=\"http:\/\/www.madricecastronovo.arcidiocesi.palermo.it\/wordpress\/wp-content\/uploads\/4-novembre-2013.jpg 960w, http:\/\/www.madricecastronovo.arcidiocesi.palermo.it\/wordpress\/wp-content\/uploads\/4-novembre-2013-300x224.jpg 300w\" sizes=\"(max-width: 643px) 100vw, 643px\" \/><\/a>Non fatevi rubare la speranza !<\/span><\/p>\n<p align=\"left\">E\u2019 la frase che spesso Papa Francesco rivolge ai giovani e che ha rivolto anche ai numerosi migranti arrivati e radunati a Lampedusa nella sua prima uscita ufficiale dalle mura vaticane .<\/p>\n<p align=\"left\"><span style=\"text-decoration: underline;\">\u201cNon fatevi rubare la speranza<\/span> . Vivete sempre con la speranza ; siate persone che vivono con la speranza .<\/p>\n<p align=\"left\">Se qualcuno vi ruba la speranza praticamente vi uccide . Non si pu\u00f2 infatti vivere senza speranza .\u201d<\/p>\n<p align=\"left\">Purtroppo per\u00f2 <span style=\"text-decoration: underline;\">si muore anche di speranza<\/span> , come \u00e8 successo a Lampedusa il mese scorso .<\/p>\n<p align=\"left\">Questo esodo di intere popolazioni da stati attraversati da guerre , violenze , povert\u00e0 , sopraffazioni , fame , emarginazioni , dittature , coercizioni di ogni genere , dove si calpesta impunemente la dignit\u00e0 della persona umana , questo esodo ci interpella cos\u00ec come avvenne con Caino ai primordi del genere umano : &#8211;<\/p>\n<p align=\"left\"><span style=\"text-decoration: underline;\">\u201c Sono forse io il custode di mio fratello \u201c ?<\/span><\/p>\n<p align=\"left\">\u00a0<!--more-->I corpi inabissati o gallegianti nel mare di Lampedusa ci interpellano su cosa non abbiamo fatto e potevamo fare . Questi nostri fratelli nutrivano la speranza di un mondo migliore , di una vita migliore , di una dignit\u00e0 migliore . Hanno dovuto lasciare i loro paesi di origine non tanto per cercare una vita migliore , ma per potere avere una vita vera dopo una vita di umiliazioni e di violenze . Partire senza la certezza di arrivare . Ma intanto \u00e8 meglio provarci piuttosto che rimanere dove non si \u00e8 uomini , dove non si ha un nome ma solamente un numero . Infatti sono sempre pi\u00f9 i migranti che arrivano da noi , non soltanto spinti dalla fame , ma dal desiderio di migliorare , di vivere sognando intanto le coste siciliane come primo approdo per poi dirigersi verso i paesi del Nord Europa . A Lampedusa \u2013 dopo quello che \u00e8 successo \u2013 possiamo dire che \u00e8 stata calpestata la dignit\u00e0 umana ed \u00e8 avvenuta la disintegrazione dei diritti dell\u2019uomo e della sua dignit\u00e0 .<\/p>\n<p align=\"left\">Papa Francesco ha parlato dell\u2019indifferenza totale del mondo , dell\u2019anestesia del cuore dinanzi a questo flusso migratorio ed ha gridato a gran voce e con profonda emozione la parola <span style=\"text-decoration: underline;\">\u201c vergogna<\/span> \u201c , per manifestare il sincero dolore per la perdita di tante vite umane .<\/p>\n<p align=\"left\">Quanto \u00e8 accaduto a Lampedusa \u00e8 un dramma che ci riguarda tutti . Una vergogna che non pu\u00f2 e non deve pi\u00f9 ripetersi . L\u2019auspicio \u00e8 che non si crei assuefazione alle sofferenze di tanti nostri fratelli che intraprendono i cosiddetti viaggi della speranza . E\u2019 necessario riflettere su questi eventi e pensare che la responsabilit\u00e0 non \u00e8 sempre di qualcun altro ma \u00e8 di tutti . Purtroppo si muore perch\u00e9 esistono organizzazioni criminali che speculano sulla vita della povera gente . Sono semplicemente dei delinquenti . L\u2019Europa deve essere presente , deve intervenire . E\u2019 giunto il momento di vedere se l\u2019<span style=\"text-decoration: underline;\">Europa<\/span> \u00e8 veramente <span style=\"text-decoration: underline;\">la casa comune<\/span> , dove anche i drammi e le tragedie sono affrontati insieme per dare accoglienza e tutela a chi \u00e8 costretto\u00a0 a mettersi in cammino . Occorre poi mettere sotto controllo le organizzazioni di trafficanti umani che spesso si trasformano in trafficanti di morte e favorire lo sviluppo sociale , politico , culturale ed economico dei paesi fonte di emigrazione . C\u2019\u00e8 purtroppo molta politica parlata nelle nostre vite e pochissimi frutti : troppe chiacchiere.<\/p>\n<p align=\"left\">Va bene che bisogna coinvolgere l\u2019Europa nel problema dei migranti e non possiamo essere lasciati soli a difendere il confine Sud. Ma le centinaia di persone : uomini , donne e bambini piccoli che hanno visto morire la speranza ad un miglio \u00a0delle coste siciliane parlano anche a noi e non solo ai politici di Roma o di Bruxelles,<\/p>\n<p align=\"left\">La vergogna gridata da Papa Francesco \u00e8 un appello per tutti i cristiani .<span style=\"text-decoration: underline;\">Commozione ed indignazione<\/span> per questa ennesima annunciata tragedia del mare , il mare Mediterraneo , il <span style=\"text-decoration: underline;\">mare nostrum<\/span> , diventato il <span style=\"text-decoration: underline;\">mare della<\/span> <span style=\"text-decoration: underline;\">morte<\/span> . <span style=\"text-decoration: underline;\">Tristezza e sdegno<\/span> . Questi morti ci causano lacrime ? Non possiamo solo tenere una contabilit\u00e0 o rassegnarci passivamente di fronte a questa mattanza insopportabile .<\/p>\n<p align=\"left\">Diceva il Papa parlando a Lampedusa : &#8211; \u201c Siamo nel pianto e come comunit\u00e0 ecclesiale viviamo il lutto per questi figli . Noi li piangiamo per chi non li piange , noi li piangiamo per chi non ha pi\u00e0 lacrime per piangere .\u201d<\/p>\n<p align=\"left\">Arrivano nelle nostre coste e chiedono la comprensione che troppo spesso il mondo rifiuta e che invece noi siciliani abbiamo egregiamente e ctistianamente offerto.<\/p>\n<p align=\"left\">La crisi che\u00a0 attanaglia l\u2019Occidente ha fatto gi\u00e0 la sua prima vittima <span style=\"text-decoration: underline;\">: la speranza<\/span> . La lotta quotidiana per andare avanti rischia di inaridire il nostro cuore , di renderlo \u00a0indurito e rabbioso . <span style=\"text-decoration: underline;\">Aggrappiamoci a Cristo<\/span> nostra unica ancora di salvezza , nostra unica speranza.<\/p>\n<p align=\"left\">A Lui dobbiamo fare spazio nel nostro cuore per potere accogliere con amore largo e generoso i nostri fratelli che si trovano in difficolt\u00e0 e stentano la loro esistenza.<\/p>\n<p align=\"left\">Siamo tutti nudi e bisognosi di \u00a0fronte a Dio , tutti mendicanti , pellegrini , migranti , tutti peccatori .<\/p>\n<p align=\"left\"><span style=\"text-decoration: underline;\">\u201c Non habemus hic manentem civitatem , futuram<\/span> <span style=\"text-decoration: underline;\">inquirimus \u201c<\/span> . Non abbiamo qui una dimora stabile , perch\u00e8\u00a0 viaggiamo tutti verso il futuro , verso l\u2019infinito , verso l\u2019eterno , verso Dio .<\/p>\n<p align=\"left\"><i>\u00a0<\/i><\/p>\n<p align=\"left\"><i>\u00a0\u00a0\u00a0\u00a0\u00a0\u00a0\u00a0\u00a0\u00a0\u00a0\u00a0\u00a0\u00a0\u00a0\u00a0\u00a0\u00a0\u00a0\u00a0\u00a0\u00a0\u00a0\u00a0\u00a0\u00a0\u00a0\u00a0\u00a0\u00a0\u00a0\u00a0\u00a0\u00a0 \u00a0\u00a0\u00a0\u00a0 <\/i><i><span style=\"text-decoration: underline;\">Don Onorio Scaglione<\/span><\/i><\/p>\n<p align=\"left\"><em>O Padre che hai mandato il Tuo Figlio Ges\u00f9 a condividere le nostre fatiche e le nostre speranze ed hai posto in Lui il centro della vita e della storia , guarda con bont\u00e0 ai tanti nostri fratelli che \u00a0migrano per lavoro lungo le vie del mondo , perch\u00e9 trovino ovunque la solidariet\u00e0 fraterna che \u00e8 libert\u00e0 , pace\u00a0 e giustizia nel Tuo amore .<\/em><\/p>\n<p align=\"left\"><em>Concedi il riposo eterno a quelli che \u00a0il 3 ottobre 2013 , lungo il viaggio della speranza , hanno trovato la morte ed assicura ai loro congiunti il conforto della tua perenne consolazione .<\/em><\/p>\n<p align=\"left\"><em>A noi ancora pellegrini sulla terra offri<\/em><\/p>\n<p align=\"left\"><em>il soccorso della tua protezione e \u00a0la tua Benedizione\u00a0 .<\/em><\/p>\n<p align=\"left\"><em>Amen !<\/em><\/p>\n<p align=\"left\">\n","protected":false},"excerpt":{"rendered":"<p>Non fatevi rubare la speranza ! E\u2019 la frase che spesso Papa Francesco rivolge ai giovani e che ha rivolto anche ai numerosi migranti arrivati e radunati a Lampedusa nella sua prima uscita ufficiale dalle mura vaticane . \u201cNon fatevi rubare la speranza . Vivete sempre con la speranza ; siate persone che vivono con [&hellip;]<\/p>\n","protected":false},"author":1,"featured_media":0,"comment_status":"closed","ping_status":"closed","sticky":false,"template":"","format":"standard","meta":[],"categories":[15],"tags":[],"_links":{"self":[{"href":"http:\/\/www.madricecastronovo.arcidiocesi.palermo.it\/wordpress\/index.php?rest_route=\/wp\/v2\/posts\/1085"}],"collection":[{"href":"http:\/\/www.madricecastronovo.arcidiocesi.palermo.it\/wordpress\/index.php?rest_route=\/wp\/v2\/posts"}],"about":[{"href":"http:\/\/www.madricecastronovo.arcidiocesi.palermo.it\/wordpress\/index.php?rest_route=\/wp\/v2\/types\/post"}],"author":[{"embeddable":true,"href":"http:\/\/www.madricecastronovo.arcidiocesi.palermo.it\/wordpress\/index.php?rest_route=\/wp\/v2\/users\/1"}],"replies":[{"embeddable":true,"href":"http:\/\/www.madricecastronovo.arcidiocesi.palermo.it\/wordpress\/index.php?rest_route=%2Fwp%2Fv2%2Fcomments&post=1085"}],"version-history":[{"count":3,"href":"http:\/\/www.madricecastronovo.arcidiocesi.palermo.it\/wordpress\/index.php?rest_route=\/wp\/v2\/posts\/1085\/revisions"}],"predecessor-version":[{"id":1091,"href":"http:\/\/www.madricecastronovo.arcidiocesi.palermo.it\/wordpress\/index.php?rest_route=\/wp\/v2\/posts\/1085\/revisions\/1091"}],"wp:attachment":[{"href":"http:\/\/www.madricecastronovo.arcidiocesi.palermo.it\/wordpress\/index.php?rest_route=%2Fwp%2Fv2%2Fmedia&parent=1085"}],"wp:term":[{"taxonomy":"category","embeddable":true,"href":"http:\/\/www.madricecastronovo.arcidiocesi.palermo.it\/wordpress\/index.php?rest_route=%2Fwp%2Fv2%2Fcategories&post=1085"},{"taxonomy":"post_tag","embeddable":true,"href":"http:\/\/www.madricecastronovo.arcidiocesi.palermo.it\/wordpress\/index.php?rest_route=%2Fwp%2Fv2%2Ftags&post=1085"}],"curies":[{"name":"wp","href":"https:\/\/api.w.org\/{rel}","templated":true}]}}