{"id":1031,"date":"2013-10-07T15:33:21","date_gmt":"2013-10-07T14:33:21","guid":{"rendered":"http:\/\/www.madricecastronovo.arcidiocesi.palermo.it\/wordpress\/?p=1031"},"modified":"2013-10-07T17:20:46","modified_gmt":"2013-10-07T16:20:46","slug":"scuola-pronti-via-lapertura-dellanno-scolastico-celebrata-con-una-santa-messa-per-li-c-di-castronovo-di-sicilia","status":"publish","type":"post","link":"http:\/\/www.madricecastronovo.arcidiocesi.palermo.it\/wordpress\/?p=1031","title":{"rendered":"SCUOLA: pronti, via! L\u2019apertura dell\u2019anno scolastico celebrata con una Santa Messa per l\u2019I.C. di Castronovo di Sicilia"},"content":{"rendered":"<p>Quest\u2019anno l\u2019Inaugurazione dell\u2019Anno Scolastico 2013\/14 ai piedi dell\u2019altare della nostra Chiesa Madre. Una inaugurazione un po\u2019 insolita pensata dai docenti e accettata con molto entusiasmo sia dalla Dirigente dott.ssa Erminia Trizzino, che dal nostro parroco Don Onorio Scaglione. La mattina del Giovedi 19 Settembre 2013, gli insegnanti, gli alunni, i genitori, i collaboratori dell\u2019I.C. di Castronovo si sono dati appuntamento presso la Chiesa Madre SS. Trinit\u00e0, insieme al Parroco Don Onorio, all\u2019Assessore Marisa Gentile, al Sindaco dott. Francesco Onorato, per celebrare in apertura del nuovo anno scolastico, una festosa messa, erano presenti pure la vice preside prof.ssa Assunta Contu e la D.g.s.a. dott.ssa Paola Miranda, provenienti da Lercara.<\/p>\n<p><!--more-->La Chiesa era gremita di bambini e famiglie, la partecipazione \u00e8 stata intensa e il clima era festoso. La messa \u00e8 stata animata dai canti gioiosi dei bambini, guidati da Pierangela Longo e Luigi Librera, che con generosa disponibilit\u00e0 hanno collaborato per la buona riuscita della celebrazione. Don Onorio dall\u2019altare ha accolto tutti con un caloroso sorriso e gi\u00e0 nell\u2019introduzione ha voluto mettere in evidenza come l\u2019apertura dell\u2019anno scolastico ha per ogni comunit\u00e0 \u201ceducante\u201d, famiglie, alunni e insegnanti, la trepidazione e il fascino dell\u2019attesa di momenti importanti, episodi e situazioni di crescita, segni che intessono la vita di una scuola lungo l\u2019arco di un anno, segni da interpretare e vivere intensamente, momenti comuni di gioia e di crescita, di difficolt\u00e0 e di impegno, di accoglienza e di congedo, dove la Famiglia, la Chiesa, la Scuola, l\u2019Amministrazione Comunale, sono guide portanti e necessarie. Dopo la celebrazione, i saluti della vice preside Assunta Contu, che portava l\u2019abbraccio affettuoso e il messaggio di auguri della Preside Erminia Trizzino\u00a0 a tutti i bambini e alle famiglie, il saluto dell\u2019Assessore P.I. Marisa Gentile, e del Sindaco Onorato che hanno augurato un buon anno scolastico agli alunni e ai docenti, auspicando piena collaborazione e un dialogo aperto, trasparente e costruttivo per il bene di tutta la comunit\u00e0, ricordando che puntano molto sulla formazione delle nuove generazioni. Il Sindaco ha augurato ai bambini un impegno quotidiano e \u201c sempre lieto\u201dnei laboratori del sapere, per essere pronti un domani ad affrontare le sfide della vita sociale e creare le premesse per un solido avvenire. Anche una mamma ha voluto fare un augurio ai fanciulli pi\u00f9 piccoli che per la prima volta entrano nel mondo della scuola, che fin dal primo giorno possano trovarsi in un clima idoneo a sviluppare i loro doni naturali di intelligenza e di cuore. Alla fine della bellissima celebrazione sono state distribuite all\u2019assemblea delle pergamene con una significativa poesia \u201cI bambini imparano ci\u00f2 che vivono\u201d e il parroco con profonda gioia e soddisfazione ha concluso con le speciali e appropriate Benedizioni a tutti i presenti.<\/p>\n<p><strong>Ins. Giusy Allenza \u2013 Docente di Religione Cattolica<\/strong><\/p>\n","protected":false},"excerpt":{"rendered":"<p>Quest\u2019anno l\u2019Inaugurazione dell\u2019Anno Scolastico 2013\/14 ai piedi dell\u2019altare della nostra Chiesa Madre. Una inaugurazione un po\u2019 insolita pensata dai docenti e accettata con molto entusiasmo sia dalla Dirigente dott.ssa Erminia Trizzino, che dal nostro parroco Don Onorio Scaglione. La mattina del Giovedi 19 Settembre 2013, gli insegnanti, gli alunni, i genitori, i collaboratori dell\u2019I.C. di [&hellip;]<\/p>\n","protected":false},"author":1,"featured_media":0,"comment_status":"closed","ping_status":"closed","sticky":false,"template":"","format":"standard","meta":[],"categories":[12],"tags":[],"_links":{"self":[{"href":"http:\/\/www.madricecastronovo.arcidiocesi.palermo.it\/wordpress\/index.php?rest_route=\/wp\/v2\/posts\/1031"}],"collection":[{"href":"http:\/\/www.madricecastronovo.arcidiocesi.palermo.it\/wordpress\/index.php?rest_route=\/wp\/v2\/posts"}],"about":[{"href":"http:\/\/www.madricecastronovo.arcidiocesi.palermo.it\/wordpress\/index.php?rest_route=\/wp\/v2\/types\/post"}],"author":[{"embeddable":true,"href":"http:\/\/www.madricecastronovo.arcidiocesi.palermo.it\/wordpress\/index.php?rest_route=\/wp\/v2\/users\/1"}],"replies":[{"embeddable":true,"href":"http:\/\/www.madricecastronovo.arcidiocesi.palermo.it\/wordpress\/index.php?rest_route=%2Fwp%2Fv2%2Fcomments&post=1031"}],"version-history":[{"count":2,"href":"http:\/\/www.madricecastronovo.arcidiocesi.palermo.it\/wordpress\/index.php?rest_route=\/wp\/v2\/posts\/1031\/revisions"}],"predecessor-version":[{"id":1033,"href":"http:\/\/www.madricecastronovo.arcidiocesi.palermo.it\/wordpress\/index.php?rest_route=\/wp\/v2\/posts\/1031\/revisions\/1033"}],"wp:attachment":[{"href":"http:\/\/www.madricecastronovo.arcidiocesi.palermo.it\/wordpress\/index.php?rest_route=%2Fwp%2Fv2%2Fmedia&parent=1031"}],"wp:term":[{"taxonomy":"category","embeddable":true,"href":"http:\/\/www.madricecastronovo.arcidiocesi.palermo.it\/wordpress\/index.php?rest_route=%2Fwp%2Fv2%2Fcategories&post=1031"},{"taxonomy":"post_tag","embeddable":true,"href":"http:\/\/www.madricecastronovo.arcidiocesi.palermo.it\/wordpress\/index.php?rest_route=%2Fwp%2Fv2%2Ftags&post=1031"}],"curies":[{"name":"wp","href":"https:\/\/api.w.org\/{rel}","templated":true}]}}