{"id":1014,"date":"2013-09-28T07:58:21","date_gmt":"2013-09-28T06:58:21","guid":{"rendered":"http:\/\/www.madricecastronovo.arcidiocesi.palermo.it\/wordpress\/?p=1014"},"modified":"2013-09-29T09:54:27","modified_gmt":"2013-09-29T08:54:27","slug":"incontro-della-comunita-di-santa-domenica-di-cammarata-nella-chiesa-delludienza","status":"publish","type":"post","link":"http:\/\/www.madricecastronovo.arcidiocesi.palermo.it\/wordpress\/?p=1014","title":{"rendered":"Incontro della comunit\u00e0 di Santa Domenica di Cammarata nella chiesa dell&#8217;Udienza"},"content":{"rendered":"<p>Domenica 22 settembre la Comunit\u00e0 della Chiesa di Santa Domenica V.M. (Badia) di Cammarata, guidata da don Giuseppe Colli, ha avuto la gioia di condividere con la Comunit\u00e0 Parrocchiale di Castronovo di Sicilia, un momento celebrativo e fraterno. Tutto si \u00e8 svolto all&#8217;interno della meravigliosa cornice architettonica della Chiesa dell&#8217;udienza, gi\u00e0 Chiesa Madre di Castronovo e antichissima Parrocchia dell&#8217;Arcidiocesi di Palermo. Calorosa ed affettuosa \u00e8 stata l&#8217;accoglienza da parte dell&#8217;Arciprete don Onorio Scaglione, che si \u00e8 prodigato a illustrare ai convenuti i tesori contenuti nella bellissima Chiesa Madre &#8220;S.S.Trinit\u00e0&#8221;. La visita si \u00e8 conclusa dopo aver venerato la miracolosa immagine dell&#8217;Addolorata.<\/p>\n<p>&nbsp;<\/p>\n<p><a href=\"http:\/\/www.madricecastronovo.arcidiocesi.palermo.it\/wordpress\/?attachment_id=1015\" rel=\"attachment wp-att-1015\"><img loading=\"lazy\" class=\"aligncenter size-full wp-image-1015\" alt=\"20130922_172302\" src=\"http:\/\/www.madricecastronovo.arcidiocesi.palermo.it\/wordpress\/wp-content\/uploads\/20130922_172302.jpg\" width=\"640\" height=\"853\" srcset=\"http:\/\/www.madricecastronovo.arcidiocesi.palermo.it\/wordpress\/wp-content\/uploads\/20130922_172302.jpg 640w, http:\/\/www.madricecastronovo.arcidiocesi.palermo.it\/wordpress\/wp-content\/uploads\/20130922_172302-225x300.jpg 225w\" sizes=\"(max-width: 640px) 100vw, 640px\" \/><\/a><\/p>\n<p><a href=\"http:\/\/www.madricecastronovo.arcidiocesi.palermo.it\/wordpress\/?attachment_id=1016\" rel=\"attachment wp-att-1016\"><img loading=\"lazy\" class=\"aligncenter size-full wp-image-1016\" alt=\"20130922_170820\" src=\"http:\/\/www.madricecastronovo.arcidiocesi.palermo.it\/wordpress\/wp-content\/uploads\/20130922_170820.jpg\" width=\"640\" height=\"853\" srcset=\"http:\/\/www.madricecastronovo.arcidiocesi.palermo.it\/wordpress\/wp-content\/uploads\/20130922_170820.jpg 640w, http:\/\/www.madricecastronovo.arcidiocesi.palermo.it\/wordpress\/wp-content\/uploads\/20130922_170820-225x300.jpg 225w\" sizes=\"(max-width: 640px) 100vw, 640px\" \/><\/a><\/p>\n","protected":false},"excerpt":{"rendered":"<p>Domenica 22 settembre la Comunit\u00e0 della Chiesa di Santa Domenica V.M. (Badia) di Cammarata, guidata da don Giuseppe Colli, ha avuto la gioia di condividere con la Comunit\u00e0 Parrocchiale di Castronovo di Sicilia, un momento celebrativo e fraterno. Tutto si \u00e8 svolto all&#8217;interno della meravigliosa cornice architettonica della Chiesa dell&#8217;udienza, gi\u00e0 Chiesa Madre di Castronovo [&hellip;]<\/p>\n","protected":false},"author":1,"featured_media":0,"comment_status":"closed","ping_status":"closed","sticky":false,"template":"","format":"standard","meta":[],"categories":[12],"tags":[],"_links":{"self":[{"href":"http:\/\/www.madricecastronovo.arcidiocesi.palermo.it\/wordpress\/index.php?rest_route=\/wp\/v2\/posts\/1014"}],"collection":[{"href":"http:\/\/www.madricecastronovo.arcidiocesi.palermo.it\/wordpress\/index.php?rest_route=\/wp\/v2\/posts"}],"about":[{"href":"http:\/\/www.madricecastronovo.arcidiocesi.palermo.it\/wordpress\/index.php?rest_route=\/wp\/v2\/types\/post"}],"author":[{"embeddable":true,"href":"http:\/\/www.madricecastronovo.arcidiocesi.palermo.it\/wordpress\/index.php?rest_route=\/wp\/v2\/users\/1"}],"replies":[{"embeddable":true,"href":"http:\/\/www.madricecastronovo.arcidiocesi.palermo.it\/wordpress\/index.php?rest_route=%2Fwp%2Fv2%2Fcomments&post=1014"}],"version-history":[{"count":2,"href":"http:\/\/www.madricecastronovo.arcidiocesi.palermo.it\/wordpress\/index.php?rest_route=\/wp\/v2\/posts\/1014\/revisions"}],"predecessor-version":[{"id":1018,"href":"http:\/\/www.madricecastronovo.arcidiocesi.palermo.it\/wordpress\/index.php?rest_route=\/wp\/v2\/posts\/1014\/revisions\/1018"}],"wp:attachment":[{"href":"http:\/\/www.madricecastronovo.arcidiocesi.palermo.it\/wordpress\/index.php?rest_route=%2Fwp%2Fv2%2Fmedia&parent=1014"}],"wp:term":[{"taxonomy":"category","embeddable":true,"href":"http:\/\/www.madricecastronovo.arcidiocesi.palermo.it\/wordpress\/index.php?rest_route=%2Fwp%2Fv2%2Fcategories&post=1014"},{"taxonomy":"post_tag","embeddable":true,"href":"http:\/\/www.madricecastronovo.arcidiocesi.palermo.it\/wordpress\/index.php?rest_route=%2Fwp%2Fv2%2Ftags&post=1014"}],"curies":[{"name":"wp","href":"https:\/\/api.w.org\/{rel}","templated":true}]}}